{"id":7638,"date":"2025-03-21T18:17:08","date_gmt":"2025-03-21T17:17:08","guid":{"rendered":"https:\/\/agora.xtec.cat\/ceip-santacreu-anglesola\/?p=7638"},"modified":"2025-03-23T12:53:43","modified_gmt":"2025-03-23T11:53:43","slug":"taller-dhabits-saludables-2","status":"publish","type":"post","link":"https:\/\/agora.xtec.cat\/ceip-santacreu-anglesola\/portada\/taller-dhabits-saludables-2\/","title":{"rendered":"TALLER D&#8217;H\u00c0BITS SALUDABLES"},"content":{"rendered":"<p>Aquest divendres dia 21 de mar\u00e7, l\u2019alumnat de 4t i 5\u00e8 hem realitzat un taller centrat en la promoci\u00f3 d\u2019h\u00e0bits saludables.<\/p>\n<p>El Roger, amb una din\u00e0mica interactiva, ens ha fet participar en diferents activitats per promoure la reflexi\u00f3 i per aprofundir en el coneixement sobre la import\u00e0ncia de portar una vida saludable.<\/p>\n<p>S&#8217;han abordat diversos temes com la import\u00e0ncia d\u2019una alimentaci\u00f3 equilibrada, la hidrataci\u00f3 del nostre cos, la incorporaci\u00f3 d\u2019activitat f\u00edsica regular en la nostra vida di\u00e0ria, la higiene i els h\u00e0bits de son que, tots junts, contribueixen al nostre benestar general.<\/p>\n<p>Mitjan\u00e7ant unes targetes tamb\u00e9 hem treballat diferents valors que s\u00f3n molt importants a l\u2019hora de fer esport: disciplina, cooperaci\u00f3, superaci\u00f3, const\u00e0ncia, esfor\u00e7, generositat, respecte i humilitat.<\/p>\n<p>Cliqueu damunt de la imatge per veure les fotos:<\/p>\n<p><a href=\"https:\/\/agora.xtec.cat\/ceip-santacreu-anglesola\/?p=7645&amp;preview=true\"><img loading=\"lazy\" decoding=\"async\" class=\"alignleft wp-image-7639\" src=\"https:\/\/agora.xtec.cat\/ceip-santacreu-anglesola\/wp-content\/uploads\/usu483\/2025\/03\/20250321_100649-300x267.jpg\" alt=\"\" width=\"236\" height=\"210\" srcset=\"https:\/\/agora.xtec.cat\/ceip-santacreu-anglesola\/wp-content\/uploads\/usu483\/2025\/03\/20250321_100649-300x267.jpg 300w, https:\/\/agora.xtec.cat\/ceip-santacreu-anglesola\/wp-content\/uploads\/usu483\/2025\/03\/20250321_100649-1024x912.jpg 1024w, https:\/\/agora.xtec.cat\/ceip-santacreu-anglesola\/wp-content\/uploads\/usu483\/2025\/03\/20250321_100649-768x684.jpg 768w, https:\/\/agora.xtec.cat\/ceip-santacreu-anglesola\/wp-content\/uploads\/usu483\/2025\/03\/20250321_100649.jpg 1204w\" sizes=\"auto, (max-width: 236px) 100vw, 236px\" \/><\/a><\/p>\n","protected":false},"excerpt":{"rendered":"<p>Aquest divendres dia 21 de mar\u00e7, l\u2019alumnat de 4t i 5\u00e8 hem realitzat un taller centrat en la promoci\u00f3 d\u2019h\u00e0bits saludables.<br \/>\nEl Roger, amb una din\u00e0mica interactiva, ens ha fet participar en diferents activitats per promoure la reflexi\u00f3 i per aprofundir en el coneixement sobre la&hellip;  <a href=\"https:\/\/agora.xtec.cat\/ceip-santacreu-anglesola\/portada\/taller-dhabits-saludables-2\/\" title=\"Read TALLER D&#8217;H\u00c0BITS SALUDABLES\">Llegeix m\u00e9s\u00bb<\/a><\/p>\n","protected":false},"author":16,"featured_media":7639,"comment_status":"open","ping_status":"closed","sticky":false,"template":"","format":"standard","meta":{"_bbp_topic_count":0,"_bbp_reply_count":0,"_bbp_total_topic_count":0,"_bbp_total_reply_count":0,"_bbp_voice_count":0,"_bbp_anonymous_reply_count":0,"_bbp_topic_count_hidden":0,"_bbp_reply_count_hidden":0,"_bbp_forum_subforum_count":0,"footnotes":""},"categories":[4],"tags":[],"class_list":["post-7638","post","type-post","status-publish","format-standard","has-post-thumbnail","hentry","category-portada"],"post_mailing_queue_ids":[],"_links":{"self":[{"href":"https:\/\/agora.xtec.cat\/ceip-santacreu-anglesola\/wp-json\/wp\/v2\/posts\/7638","targetHints":{"allow":["GET"]}}],"collection":[{"href":"https:\/\/agora.xtec.cat\/ceip-santacreu-anglesola\/wp-json\/wp\/v2\/posts"}],"about":[{"href":"https:\/\/agora.xtec.cat\/ceip-santacreu-anglesola\/wp-json\/wp\/v2\/types\/post"}],"author":[{"embeddable":true,"href":"https:\/\/agora.xtec.cat\/ceip-santacreu-anglesola\/wp-json\/wp\/v2\/users\/16"}],"replies":[{"embeddable":true,"href":"https:\/\/agora.xtec.cat\/ceip-santacreu-anglesola\/wp-json\/wp\/v2\/comments?post=7638"}],"version-history":[{"count":6,"href":"https:\/\/agora.xtec.cat\/ceip-santacreu-anglesola\/wp-json\/wp\/v2\/posts\/7638\/revisions"}],"predecessor-version":[{"id":7649,"href":"https:\/\/agora.xtec.cat\/ceip-santacreu-anglesola\/wp-json\/wp\/v2\/posts\/7638\/revisions\/7649"}],"wp:featuredmedia":[{"embeddable":true,"href":"https:\/\/agora.xtec.cat\/ceip-santacreu-anglesola\/wp-json\/wp\/v2\/media\/7639"}],"wp:attachment":[{"href":"https:\/\/agora.xtec.cat\/ceip-santacreu-anglesola\/wp-json\/wp\/v2\/media?parent=7638"}],"wp:term":[{"taxonomy":"category","embeddable":true,"href":"https:\/\/agora.xtec.cat\/ceip-santacreu-anglesola\/wp-json\/wp\/v2\/categories?post=7638"},{"taxonomy":"post_tag","embeddable":true,"href":"https:\/\/agora.xtec.cat\/ceip-santacreu-anglesola\/wp-json\/wp\/v2\/tags?post=7638"}],"curies":[{"name":"wp","href":"https:\/\/api.w.org\/{rel}","templated":true}]}}