{"id":7636,"date":"2025-03-20T12:43:37","date_gmt":"2025-03-20T11:43:37","guid":{"rendered":"https:\/\/agora.xtec.cat\/ceip-santacreu-anglesola\/?p=7636"},"modified":"2025-03-20T12:43:37","modified_gmt":"2025-03-20T11:43:37","slug":"dies-sense-pantalles","status":"publish","type":"post","link":"https:\/\/agora.xtec.cat\/ceip-santacreu-anglesola\/portada\/dies-sense-pantalles\/","title":{"rendered":"DIES SENSE PANTALLES"},"content":{"rendered":"<p>Fam\u00edlies,<\/p>\n<p><span style=\"color: #000000;\">Us fem arribar l&#8217;acc\u00e9s a la guia, el <i><b>Repte sense m\u00f2bil per a fam\u00edlies<\/b><\/i>, inspirada en l\u2019exit\u00f3s\u00a0<i>No phone challenge.<\/i>\u00a0<\/span><\/p>\n<p><span style=\"color: #000000;\">Amb el\u00a0<i>Repte sense m\u00f2bil<\/i> la companyia telef\u00f2nica <a href=\"https:\/\/somconnexio.coop\/\" target=\"_blank\" rel=\"noopener\">SOM CONNEXI\u00d3<\/a> fa una proposta senzilla i valenta alhora: <b>el repte que tota la fam\u00edlia passin uns dies sense m\u00f2bil ni pantalles!<\/b>\u00a0Est\u00e0 adre\u00e7ada a aquelles fam\u00edlies amb adolescents que ja tenen m\u00f2bil i que busquen revisar la relaci\u00f3 amb les pantalles, tot adquirint nous h\u00e0bits m\u00e9s saludables.<\/span><\/p>\n<p><em>Volem remarcar que des de l&#8217;escola estem completament en contra en l&#8217;\u00fas de tel\u00e8fons m\u00f2bils en infants de PRIM\u00c0RIA i considerem que s&#8217;hauria d&#8217;intentar allargar-ho fins als 16 anys.<\/em><\/p>\n<p><a href=\"https:\/\/somconnexio.coop\/educacio\/arriba-el-repte-sense-mobil-per-a-families\/?utm_source=email&amp;utm_medium=referral&amp;utm_campaign=difusioreptesensemobil&amp;utm_content=articleguiarepte\" target=\"_blank\" rel=\"noopener\">ACC\u00c9S A LA GUIA<\/a><\/p>\n","protected":false},"excerpt":{"rendered":"<p>Fam\u00edlies,<br \/>\nUs fem arribar l&#8217;acc\u00e9s a la guia, el Repte sense m\u00f2bil per a fam\u00edlies, inspirada en l\u2019exit\u00f3s\u00a0No phone challenge.\u00a0<br \/>\nAmb el\u00a0Repte sense m\u00f2bil la companyia telef\u00f2nica <a href=\"https:\/\/somconnexio.coop\/\" target=\"_blank\" rel=\"noopener\">SOM CONNEXI\u00d3<\/a> fa una proposta senzilla i valenta alhora: el repte que tota la fam\u00edlia passin uns&hellip;  <a href=\"https:\/\/agora.xtec.cat\/ceip-santacreu-anglesola\/portada\/dies-sense-pantalles\/\" title=\"Read DIES SENSE PANTALLES\">Llegeix m\u00e9s\u00bb<\/a><\/p>\n","protected":false},"author":11,"featured_media":0,"comment_status":"open","ping_status":"closed","sticky":false,"template":"","format":"standard","meta":{"_bbp_topic_count":0,"_bbp_reply_count":0,"_bbp_total_topic_count":0,"_bbp_total_reply_count":0,"_bbp_voice_count":0,"_bbp_anonymous_reply_count":0,"_bbp_topic_count_hidden":0,"_bbp_reply_count_hidden":0,"_bbp_forum_subforum_count":0,"footnotes":""},"categories":[4],"tags":[],"class_list":["post-7636","post","type-post","status-publish","format-standard","hentry","category-portada"],"post_mailing_queue_ids":[],"_links":{"self":[{"href":"https:\/\/agora.xtec.cat\/ceip-santacreu-anglesola\/wp-json\/wp\/v2\/posts\/7636","targetHints":{"allow":["GET"]}}],"collection":[{"href":"https:\/\/agora.xtec.cat\/ceip-santacreu-anglesola\/wp-json\/wp\/v2\/posts"}],"about":[{"href":"https:\/\/agora.xtec.cat\/ceip-santacreu-anglesola\/wp-json\/wp\/v2\/types\/post"}],"author":[{"embeddable":true,"href":"https:\/\/agora.xtec.cat\/ceip-santacreu-anglesola\/wp-json\/wp\/v2\/users\/11"}],"replies":[{"embeddable":true,"href":"https:\/\/agora.xtec.cat\/ceip-santacreu-anglesola\/wp-json\/wp\/v2\/comments?post=7636"}],"version-history":[{"count":1,"href":"https:\/\/agora.xtec.cat\/ceip-santacreu-anglesola\/wp-json\/wp\/v2\/posts\/7636\/revisions"}],"predecessor-version":[{"id":7637,"href":"https:\/\/agora.xtec.cat\/ceip-santacreu-anglesola\/wp-json\/wp\/v2\/posts\/7636\/revisions\/7637"}],"wp:attachment":[{"href":"https:\/\/agora.xtec.cat\/ceip-santacreu-anglesola\/wp-json\/wp\/v2\/media?parent=7636"}],"wp:term":[{"taxonomy":"category","embeddable":true,"href":"https:\/\/agora.xtec.cat\/ceip-santacreu-anglesola\/wp-json\/wp\/v2\/categories?post=7636"},{"taxonomy":"post_tag","embeddable":true,"href":"https:\/\/agora.xtec.cat\/ceip-santacreu-anglesola\/wp-json\/wp\/v2\/tags?post=7636"}],"curies":[{"name":"wp","href":"https:\/\/api.w.org\/{rel}","templated":true}]}}