{"id":7620,"date":"2025-03-09T20:54:52","date_gmt":"2025-03-09T19:54:52","guid":{"rendered":"https:\/\/agora.xtec.cat\/ceip-santacreu-anglesola\/?p=7620"},"modified":"2025-03-09T20:54:52","modified_gmt":"2025-03-09T19:54:52","slug":"tips-sobre-educacio-dels-fills-i-filles","status":"publish","type":"post","link":"https:\/\/agora.xtec.cat\/ceip-santacreu-anglesola\/portada\/tips-sobre-educacio-dels-fills-i-filles\/","title":{"rendered":"TIPS SOBRE EDUCACI\u00d3 DELS FILLS I FILLES"},"content":{"rendered":"<p>En aquest nou article teniu diferent enlla\u00e7os sobre temes diversos per\u00f2 molt adient per a fam\u00edlies amb fills i filles de prim\u00e0ria i, fins i tot, de secund\u00e0ria.<\/p>\n<p>El primer, \u00e9s un v\u00eddeo que va sobre el comportament i les actituds que cal evitar en els recintes esportius quan veiem als nostres fills i filles jugant:<\/p>\n<p><a href=\"https:\/\/www.youtube.com\/watch?v=sKcYRj536lo\" target=\"_blank\" rel=\"noopener\">V\u00cdDEO<\/a><\/p>\n<p>En el seg\u00fcent enlla\u00e7 trobareu 8 consell per no sobreprotegir als fills.<\/p>\n<p><a href=\"https:\/\/www.lagranjatc.com\/wp-content\/uploads\/2025\/02\/Copia-de-8-tips-Burbuja.png?_sc=MjIzOTk0NiMxMDk%3D\" target=\"_blank\" rel=\"noopener\">CONSELLS<\/a><\/p>\n<p>Per acabar, una tert\u00falia amb David Bueno sobre les pantalles i la depend\u00e8ncia.<\/p>\n<p><a href=\"https:\/\/www.rtve.es\/play\/audios\/lletra-lligada\/lletra-lligada-pantalles-dependencia\/16449328\/?_sc=MjIzOTk0NiMxMDk%3D\" target=\"_blank\" rel=\"noopener\">TERT\u00daLIA<\/a><\/p>\n<p>Esperem que siguin del vostre inter\u00e8s.<\/p>\n","protected":false},"excerpt":{"rendered":"<p>En aquest nou article teniu diferent enlla\u00e7os sobre temes diversos per\u00f2 molt adient per a fam\u00edlies amb fills i filles de prim\u00e0ria i, fins i tot, de secund\u00e0ria.<br \/>\nEl primer, \u00e9s un v\u00eddeo que va sobre el comportament i les actituds que cal evitar en els&hellip;  <a href=\"https:\/\/agora.xtec.cat\/ceip-santacreu-anglesola\/portada\/tips-sobre-educacio-dels-fills-i-filles\/\" title=\"Read TIPS SOBRE EDUCACI\u00d3 DELS FILLS I FILLES\">Llegeix m\u00e9s\u00bb<\/a><\/p>\n","protected":false},"author":11,"featured_media":7621,"comment_status":"open","ping_status":"closed","sticky":false,"template":"","format":"standard","meta":{"_bbp_topic_count":0,"_bbp_reply_count":0,"_bbp_total_topic_count":0,"_bbp_total_reply_count":0,"_bbp_voice_count":0,"_bbp_anonymous_reply_count":0,"_bbp_topic_count_hidden":0,"_bbp_reply_count_hidden":0,"_bbp_forum_subforum_count":0,"footnotes":""},"categories":[54,4],"tags":[],"class_list":["post-7620","post","type-post","status-publish","format-standard","has-post-thumbnail","hentry","category-articles","category-portada"],"post_mailing_queue_ids":[],"_links":{"self":[{"href":"https:\/\/agora.xtec.cat\/ceip-santacreu-anglesola\/wp-json\/wp\/v2\/posts\/7620","targetHints":{"allow":["GET"]}}],"collection":[{"href":"https:\/\/agora.xtec.cat\/ceip-santacreu-anglesola\/wp-json\/wp\/v2\/posts"}],"about":[{"href":"https:\/\/agora.xtec.cat\/ceip-santacreu-anglesola\/wp-json\/wp\/v2\/types\/post"}],"author":[{"embeddable":true,"href":"https:\/\/agora.xtec.cat\/ceip-santacreu-anglesola\/wp-json\/wp\/v2\/users\/11"}],"replies":[{"embeddable":true,"href":"https:\/\/agora.xtec.cat\/ceip-santacreu-anglesola\/wp-json\/wp\/v2\/comments?post=7620"}],"version-history":[{"count":1,"href":"https:\/\/agora.xtec.cat\/ceip-santacreu-anglesola\/wp-json\/wp\/v2\/posts\/7620\/revisions"}],"predecessor-version":[{"id":7622,"href":"https:\/\/agora.xtec.cat\/ceip-santacreu-anglesola\/wp-json\/wp\/v2\/posts\/7620\/revisions\/7622"}],"wp:featuredmedia":[{"embeddable":true,"href":"https:\/\/agora.xtec.cat\/ceip-santacreu-anglesola\/wp-json\/wp\/v2\/media\/7621"}],"wp:attachment":[{"href":"https:\/\/agora.xtec.cat\/ceip-santacreu-anglesola\/wp-json\/wp\/v2\/media?parent=7620"}],"wp:term":[{"taxonomy":"category","embeddable":true,"href":"https:\/\/agora.xtec.cat\/ceip-santacreu-anglesola\/wp-json\/wp\/v2\/categories?post=7620"},{"taxonomy":"post_tag","embeddable":true,"href":"https:\/\/agora.xtec.cat\/ceip-santacreu-anglesola\/wp-json\/wp\/v2\/tags?post=7620"}],"curies":[{"name":"wp","href":"https:\/\/api.w.org\/{rel}","templated":true}]}}