{"id":7613,"date":"2025-03-06T12:26:50","date_gmt":"2025-03-06T11:26:50","guid":{"rendered":"https:\/\/agora.xtec.cat\/ceip-santacreu-anglesola\/?p=7613"},"modified":"2025-03-06T12:26:50","modified_gmt":"2025-03-06T11:26:50","slug":"teatre-infantil-a-tarrega","status":"publish","type":"post","link":"https:\/\/agora.xtec.cat\/ceip-santacreu-anglesola\/portada\/teatre-infantil-a-tarrega\/","title":{"rendered":"Teatre infantil a T\u00e0rrega"},"content":{"rendered":"<p>El proper diumenge 9 de mar\u00e7 t\u00e9 lloc a T\u00e0rrega l&#8217;espectacle teatral per a infants &#8220;La nena dels pardals&#8221;. Cliqueu a la imatge per a m\u00e9s informaci\u00f3.<\/p>\n<p><a href=\"https:\/\/culturatarrega.cat\/ca\/p\/teatre-infantil\/la-nena-dels-pardals-29-308?utm_source=newsletter&amp;utm_medium=email&amp;utm_campaign=tarrega_sona_8m_alide_sans_i_dj_rynah_en_concert&amp;utm_term=2025-03-06\"><img loading=\"lazy\" decoding=\"async\" class=\"sFlh5c FyHeAf alignnone\" src=\"https:\/\/encrypted-tbn0.gstatic.com\/images?q=tbn:ANd9GcS2BTMRR3Q-xX_h-CBzSgT6L3wG8MdTuT8J8w&amp;s\" alt=\"Teatre al detall | La Nena dels Pardals\" width=\"302\" height=\"167\" data-ilt=\"1741260351905\" \/><\/a><\/p>\n","protected":false},"excerpt":{"rendered":"<p>El proper diumenge 9 de mar\u00e7 t\u00e9 lloc a T\u00e0rrega l&#8217;espectacle teatral per a infants &#8220;La nena dels pardals&#8221;. Cliqueu a la imatge per a m\u00e9s informaci\u00f3.<br \/>\n<a href=\"https:\/\/culturatarrega.cat\/ca\/p\/teatre-infantil\/la-nena-dels-pardals-29-308?utm_source=newsletter&amp;utm_medium=email&amp;utm_campaign=tarrega_sona_8m_alide_sans_i_dj_rynah_en_concert&amp;utm_term=2025-03-06\"><\/a><\/p>\n","protected":false},"author":3,"featured_media":0,"comment_status":"open","ping_status":"closed","sticky":false,"template":"","format":"standard","meta":{"_bbp_topic_count":0,"_bbp_reply_count":0,"_bbp_total_topic_count":0,"_bbp_total_reply_count":0,"_bbp_voice_count":0,"_bbp_anonymous_reply_count":0,"_bbp_topic_count_hidden":0,"_bbp_reply_count_hidden":0,"_bbp_forum_subforum_count":0,"footnotes":""},"categories":[4,65],"tags":[],"class_list":["post-7613","post","type-post","status-publish","format-standard","hentry","category-portada","category-suggeriments"],"post_mailing_queue_ids":[],"_links":{"self":[{"href":"https:\/\/agora.xtec.cat\/ceip-santacreu-anglesola\/wp-json\/wp\/v2\/posts\/7613","targetHints":{"allow":["GET"]}}],"collection":[{"href":"https:\/\/agora.xtec.cat\/ceip-santacreu-anglesola\/wp-json\/wp\/v2\/posts"}],"about":[{"href":"https:\/\/agora.xtec.cat\/ceip-santacreu-anglesola\/wp-json\/wp\/v2\/types\/post"}],"author":[{"embeddable":true,"href":"https:\/\/agora.xtec.cat\/ceip-santacreu-anglesola\/wp-json\/wp\/v2\/users\/3"}],"replies":[{"embeddable":true,"href":"https:\/\/agora.xtec.cat\/ceip-santacreu-anglesola\/wp-json\/wp\/v2\/comments?post=7613"}],"version-history":[{"count":1,"href":"https:\/\/agora.xtec.cat\/ceip-santacreu-anglesola\/wp-json\/wp\/v2\/posts\/7613\/revisions"}],"predecessor-version":[{"id":7614,"href":"https:\/\/agora.xtec.cat\/ceip-santacreu-anglesola\/wp-json\/wp\/v2\/posts\/7613\/revisions\/7614"}],"wp:attachment":[{"href":"https:\/\/agora.xtec.cat\/ceip-santacreu-anglesola\/wp-json\/wp\/v2\/media?parent=7613"}],"wp:term":[{"taxonomy":"category","embeddable":true,"href":"https:\/\/agora.xtec.cat\/ceip-santacreu-anglesola\/wp-json\/wp\/v2\/categories?post=7613"},{"taxonomy":"post_tag","embeddable":true,"href":"https:\/\/agora.xtec.cat\/ceip-santacreu-anglesola\/wp-json\/wp\/v2\/tags?post=7613"}],"curies":[{"name":"wp","href":"https:\/\/api.w.org\/{rel}","templated":true}]}}