{"id":7605,"date":"2025-03-05T16:31:26","date_gmt":"2025-03-05T15:31:26","guid":{"rendered":"https:\/\/agora.xtec.cat\/ceip-santacreu-anglesola\/?p=7605"},"modified":"2025-03-05T16:31:26","modified_gmt":"2025-03-05T15:31:26","slug":"carnaval-2025","status":"publish","type":"post","link":"https:\/\/agora.xtec.cat\/ceip-santacreu-anglesola\/general\/carnaval-2025\/","title":{"rendered":"Carnaval 2025"},"content":{"rendered":"<p>LA\u00a0 SETMANA\u00a0 DE\u00a0 CARNAVAL<\/p>\n<p>Aquest any el Rei Carnestoltes ens ha donat unes ordres molt divertides:<\/p>\n<p>Ell dijous 27 de febrer hem portat el\u00a0 cap ben guarnit.<\/p>\n<p>El divendres 28 de febrer hem vingut disfressats amb roba dels nostres\u00a0 pares i mares.<\/p>\n<p>El dimarts 4 de mar\u00e7 hem fet una rua per tot el poble amb les manualitats \u00a0del projecte i l\u2019alumnat de 5\u00e8 i 6\u00e8 han fet coreografies molt originals que han fet ballar a tothom. Despr\u00e9s de la gresca i la disbauxa,\u00a0 l\u2019AMPA \u00a0ens ha convidat a berenar coca amb\u00a0 xocolata bon\u00edssima.<\/p>\n<p>El dimecres 5 al mat\u00ed hem vingut amb el pijama perqu\u00e8 est\u00e0vem\u00a0 molt cansats i per la tarda hem portat roba negre per acomiadar al rei Carnestoltes.<\/p>\n<p>Hem gaudit molt amb\u00a0 totes les consignes, hem rigut, hem ballat i cantat. T\u2019esperem \u00a0l\u2019any que ve Carnestoltes perqu\u00e8 amb tu ens ho passem molt b\u00e9!<\/p>\n<p><a href=\"https:\/\/agora.xtec.cat\/ceip-santacreu-anglesola\/?p=7609&amp;preview=true\"><img loading=\"lazy\" decoding=\"async\" class=\"alignnone wp-image-7607\" src=\"https:\/\/agora.xtec.cat\/ceip-santacreu-anglesola\/wp-content\/uploads\/usu483\/2025\/03\/Captura2-300x135.png\" alt=\"\" width=\"338\" height=\"152\" srcset=\"https:\/\/agora.xtec.cat\/ceip-santacreu-anglesola\/wp-content\/uploads\/usu483\/2025\/03\/Captura2-300x135.png 300w, https:\/\/agora.xtec.cat\/ceip-santacreu-anglesola\/wp-content\/uploads\/usu483\/2025\/03\/Captura2.png 754w\" sizes=\"auto, (max-width: 338px) 100vw, 338px\" \/><\/a><\/p>\n","protected":false},"excerpt":{"rendered":"<p>LA\u00a0 SETMANA\u00a0 DE\u00a0 CARNAVAL<br \/>\nAquest any el Rei Carnestoltes ens ha donat unes ordres molt divertides:<br \/>\nEll dijous 27 de febrer hem portat el\u00a0 cap ben guarnit.<br \/>\nEl divendres 28 de febrer hem vingut disfressats amb roba dels nostres\u00a0 pares i mares.<br \/>\nEl dimarts 4 de mar\u00e7 hem fet&hellip;  <a href=\"https:\/\/agora.xtec.cat\/ceip-santacreu-anglesola\/general\/carnaval-2025\/\" title=\"Read Carnaval 2025\">Llegeix m\u00e9s\u00bb<\/a><\/p>\n","protected":false},"author":1,"featured_media":0,"comment_status":"open","ping_status":"closed","sticky":false,"template":"","format":"standard","meta":{"_bbp_topic_count":0,"_bbp_reply_count":0,"_bbp_total_topic_count":0,"_bbp_total_reply_count":0,"_bbp_voice_count":0,"_bbp_anonymous_reply_count":0,"_bbp_topic_count_hidden":0,"_bbp_reply_count_hidden":0,"_bbp_forum_subforum_count":0,"footnotes":""},"categories":[1,4],"tags":[],"class_list":["post-7605","post","type-post","status-publish","format-standard","hentry","category-general","category-portada"],"post_mailing_queue_ids":[],"_links":{"self":[{"href":"https:\/\/agora.xtec.cat\/ceip-santacreu-anglesola\/wp-json\/wp\/v2\/posts\/7605","targetHints":{"allow":["GET"]}}],"collection":[{"href":"https:\/\/agora.xtec.cat\/ceip-santacreu-anglesola\/wp-json\/wp\/v2\/posts"}],"about":[{"href":"https:\/\/agora.xtec.cat\/ceip-santacreu-anglesola\/wp-json\/wp\/v2\/types\/post"}],"author":[{"embeddable":true,"href":"https:\/\/agora.xtec.cat\/ceip-santacreu-anglesola\/wp-json\/wp\/v2\/users\/1"}],"replies":[{"embeddable":true,"href":"https:\/\/agora.xtec.cat\/ceip-santacreu-anglesola\/wp-json\/wp\/v2\/comments?post=7605"}],"version-history":[{"count":2,"href":"https:\/\/agora.xtec.cat\/ceip-santacreu-anglesola\/wp-json\/wp\/v2\/posts\/7605\/revisions"}],"predecessor-version":[{"id":7611,"href":"https:\/\/agora.xtec.cat\/ceip-santacreu-anglesola\/wp-json\/wp\/v2\/posts\/7605\/revisions\/7611"}],"wp:attachment":[{"href":"https:\/\/agora.xtec.cat\/ceip-santacreu-anglesola\/wp-json\/wp\/v2\/media?parent=7605"}],"wp:term":[{"taxonomy":"category","embeddable":true,"href":"https:\/\/agora.xtec.cat\/ceip-santacreu-anglesola\/wp-json\/wp\/v2\/categories?post=7605"},{"taxonomy":"post_tag","embeddable":true,"href":"https:\/\/agora.xtec.cat\/ceip-santacreu-anglesola\/wp-json\/wp\/v2\/tags?post=7605"}],"curies":[{"name":"wp","href":"https:\/\/api.w.org\/{rel}","templated":true}]}}