{"id":7604,"date":"2025-03-06T15:41:52","date_gmt":"2025-03-06T14:41:52","guid":{"rendered":"https:\/\/agora.xtec.cat\/ceip-santacreu-anglesola\/?p=7604"},"modified":"2025-03-06T19:31:17","modified_gmt":"2025-03-06T18:31:17","slug":"lhora-del-conte-2","status":"publish","type":"post","link":"https:\/\/agora.xtec.cat\/ceip-santacreu-anglesola\/portada\/lhora-del-conte-2\/","title":{"rendered":"L&#8217;Hora del Conte"},"content":{"rendered":"<p>Tal com deia Gabriel Garc\u00eda M\u00e1rquez, &#8220;un conte \u00e9s molt m\u00e9s que una hist\u00f2ria, \u00e9s una lli\u00e7\u00f3 de vida&#8221;. A tercer durant aquest primer i segon trimestre i gr\u00e0cies a la col\u00b7laboraci\u00f3 de les fam\u00edlies hem pogut gaudir d&#8217;una nova activitat. Pares i mares de la nostra classe han vingut a explicar-nos contes que han estat rellevants a la seva infantesa, els hem gaudit i comentat tot reflexionant sobre el missatge que ens volen transmetre. Moltes gr\u00e0cies fam\u00edlies!<\/p>\n<p>Els contes explicats fins ara s\u00f3n:<\/p>\n<p><em>Elmer<\/em>, explicat per la mare i una amiga de la fam\u00edlia del David, <span style=\"font-family: inherit; font-size: 1em;\"><em>Joanet que va a buscar pa<\/em>, explicat pel pare del Mart\u00ed, <em>Les coses bones de la vida<\/em>, la mare de la Leire,\u00a0 <em>Aix\u00ed \u00e9s la vida, <\/em>la mare del Marc i <em>Un<\/em> c<em>istell de cireres<\/em>, la mare de la Sira.<\/span><\/p>\n<p><a href=\"https:\/\/agora.xtec.cat\/ceip-santacreu-anglesola\/?p=7615&amp;preview=true\"><img loading=\"lazy\" decoding=\"async\" class=\"alignnone\" src=\"https:\/\/encrypted-tbn0.gstatic.com\/images?q=tbn:ANd9GcSpGtmYr814Bw-R-tLXD-k7tJil4KRJ_bBXgA&amp;s\" alt=\"L'hora del conte - Escola Nova\" width=\"270\" height=\"186\" \/><\/a><\/p>\n<p>&nbsp;<\/p>\n","protected":false},"excerpt":{"rendered":"<p>Tal com deia Gabriel Garc\u00eda M\u00e1rquez, &#8220;un conte \u00e9s molt m\u00e9s que una hist\u00f2ria, \u00e9s una lli\u00e7\u00f3 de vida&#8221;. A tercer durant aquest primer i segon trimestre i gr\u00e0cies a la col\u00b7laboraci\u00f3 de les fam\u00edlies hem pogut gaudir d&#8217;una nova activitat. Pares i mares de&hellip;  <a href=\"https:\/\/agora.xtec.cat\/ceip-santacreu-anglesola\/portada\/lhora-del-conte-2\/\" title=\"Read L&#8217;Hora del Conte\">Llegeix m\u00e9s\u00bb<\/a><\/p>\n","protected":false},"author":47,"featured_media":0,"comment_status":"closed","ping_status":"closed","sticky":false,"template":"","format":"standard","meta":{"_bbp_topic_count":0,"_bbp_reply_count":0,"_bbp_total_topic_count":0,"_bbp_total_reply_count":0,"_bbp_voice_count":0,"_bbp_anonymous_reply_count":0,"_bbp_topic_count_hidden":0,"_bbp_reply_count_hidden":0,"_bbp_forum_subforum_count":0,"footnotes":""},"categories":[12,4],"tags":[],"class_list":["post-7604","post","type-post","status-publish","format-standard","hentry","category-3r","category-portada"],"post_mailing_queue_ids":[],"_links":{"self":[{"href":"https:\/\/agora.xtec.cat\/ceip-santacreu-anglesola\/wp-json\/wp\/v2\/posts\/7604","targetHints":{"allow":["GET"]}}],"collection":[{"href":"https:\/\/agora.xtec.cat\/ceip-santacreu-anglesola\/wp-json\/wp\/v2\/posts"}],"about":[{"href":"https:\/\/agora.xtec.cat\/ceip-santacreu-anglesola\/wp-json\/wp\/v2\/types\/post"}],"author":[{"embeddable":true,"href":"https:\/\/agora.xtec.cat\/ceip-santacreu-anglesola\/wp-json\/wp\/v2\/users\/47"}],"replies":[{"embeddable":true,"href":"https:\/\/agora.xtec.cat\/ceip-santacreu-anglesola\/wp-json\/wp\/v2\/comments?post=7604"}],"version-history":[{"count":3,"href":"https:\/\/agora.xtec.cat\/ceip-santacreu-anglesola\/wp-json\/wp\/v2\/posts\/7604\/revisions"}],"predecessor-version":[{"id":7619,"href":"https:\/\/agora.xtec.cat\/ceip-santacreu-anglesola\/wp-json\/wp\/v2\/posts\/7604\/revisions\/7619"}],"wp:attachment":[{"href":"https:\/\/agora.xtec.cat\/ceip-santacreu-anglesola\/wp-json\/wp\/v2\/media?parent=7604"}],"wp:term":[{"taxonomy":"category","embeddable":true,"href":"https:\/\/agora.xtec.cat\/ceip-santacreu-anglesola\/wp-json\/wp\/v2\/categories?post=7604"},{"taxonomy":"post_tag","embeddable":true,"href":"https:\/\/agora.xtec.cat\/ceip-santacreu-anglesola\/wp-json\/wp\/v2\/tags?post=7604"}],"curies":[{"name":"wp","href":"https:\/\/api.w.org\/{rel}","templated":true}]}}