{"id":7587,"date":"2025-02-28T14:45:57","date_gmt":"2025-02-28T13:45:57","guid":{"rendered":"https:\/\/agora.xtec.cat\/ceip-santacreu-anglesola\/?p=7587"},"modified":"2025-02-28T14:46:38","modified_gmt":"2025-02-28T13:46:38","slug":"28-de-febrer-dia-mundial-de-les-malalties-rares","status":"publish","type":"post","link":"https:\/\/agora.xtec.cat\/ceip-santacreu-anglesola\/general\/28-de-febrer-dia-mundial-de-les-malalties-rares\/","title":{"rendered":"28 de febrer Dia Mundial de les malalties rares"},"content":{"rendered":"<p>El dia 28 de febrer \u00e9s el Dia Mundial de les Malalties Rares.<br \/>\nA l&#8217;escola hem parlat sobre aquest tema i hem participat en una activitat en col\u00b7laboraci\u00f3 amb l&#8217;Associaci\u00f3 EMMA per a la investigaci\u00f3\u00a0 de les malalties rares. <span style=\"font-family: inherit; font-size: 1em;\">Aquesta associaci\u00f3 dona visibilitat i suport a les fam\u00edlies.<br \/>\n<\/span>Tenir una malaltia rara \u00e9s aterridor, \u00e9s una lluita constant que no acaba, sense diagn\u00f2stics, sense solucions ni tractaments, un llibre en blanc, una muntanya russa d&#8217;emocions.<br \/>\nAjudem a donar visibilitat a a aquest dia, per\u00f2 sobretot no oblidem que darrere d&#8217;una malaltia rara o discapacitat hi ha una persona que \u00e9s un 99,9% igual que tu.<\/p>\n<p><a href=\"https:\/\/agora.xtec.cat\/ceip-santacreu-anglesola\/?p=7591&amp;preview=true\"><img loading=\"lazy\" decoding=\"async\" class=\"alignnone wp-image-7588 size-medium\" src=\"https:\/\/agora.xtec.cat\/ceip-santacreu-anglesola\/wp-content\/uploads\/usu483\/2025\/02\/malalties-rares-300x248.png\" alt=\"\" width=\"300\" height=\"248\" srcset=\"https:\/\/agora.xtec.cat\/ceip-santacreu-anglesola\/wp-content\/uploads\/usu483\/2025\/02\/malalties-rares-300x248.png 300w, https:\/\/agora.xtec.cat\/ceip-santacreu-anglesola\/wp-content\/uploads\/usu483\/2025\/02\/malalties-rares.png 589w\" sizes=\"auto, (max-width: 300px) 100vw, 300px\" \/><\/a><\/p>\n","protected":false},"excerpt":{"rendered":"<p>El dia 28 de febrer \u00e9s el Dia Mundial de les Malalties Rares.<br \/>\nA l&#8217;escola hem parlat sobre aquest tema i hem participat en una activitat en col\u00b7laboraci\u00f3 amb l&#8217;Associaci\u00f3 EMMA per a la investigaci\u00f3\u00a0 de les malalties rares. Aquesta associaci\u00f3 dona visibilitat i suport a&hellip;  <a href=\"https:\/\/agora.xtec.cat\/ceip-santacreu-anglesola\/general\/28-de-febrer-dia-mundial-de-les-malalties-rares\/\" title=\"Read 28 de febrer Dia Mundial de les malalties rares\">Llegeix m\u00e9s\u00bb<\/a><\/p>\n","protected":false},"author":1,"featured_media":7588,"comment_status":"open","ping_status":"closed","sticky":false,"template":"","format":"standard","meta":{"_bbp_topic_count":0,"_bbp_reply_count":0,"_bbp_total_topic_count":0,"_bbp_total_reply_count":0,"_bbp_voice_count":0,"_bbp_anonymous_reply_count":0,"_bbp_topic_count_hidden":0,"_bbp_reply_count_hidden":0,"_bbp_forum_subforum_count":0,"footnotes":""},"categories":[1,4],"tags":[],"class_list":["post-7587","post","type-post","status-publish","format-standard","has-post-thumbnail","hentry","category-general","category-portada"],"post_mailing_queue_ids":[],"_links":{"self":[{"href":"https:\/\/agora.xtec.cat\/ceip-santacreu-anglesola\/wp-json\/wp\/v2\/posts\/7587","targetHints":{"allow":["GET"]}}],"collection":[{"href":"https:\/\/agora.xtec.cat\/ceip-santacreu-anglesola\/wp-json\/wp\/v2\/posts"}],"about":[{"href":"https:\/\/agora.xtec.cat\/ceip-santacreu-anglesola\/wp-json\/wp\/v2\/types\/post"}],"author":[{"embeddable":true,"href":"https:\/\/agora.xtec.cat\/ceip-santacreu-anglesola\/wp-json\/wp\/v2\/users\/1"}],"replies":[{"embeddable":true,"href":"https:\/\/agora.xtec.cat\/ceip-santacreu-anglesola\/wp-json\/wp\/v2\/comments?post=7587"}],"version-history":[{"count":4,"href":"https:\/\/agora.xtec.cat\/ceip-santacreu-anglesola\/wp-json\/wp\/v2\/posts\/7587\/revisions"}],"predecessor-version":[{"id":7599,"href":"https:\/\/agora.xtec.cat\/ceip-santacreu-anglesola\/wp-json\/wp\/v2\/posts\/7587\/revisions\/7599"}],"wp:featuredmedia":[{"embeddable":true,"href":"https:\/\/agora.xtec.cat\/ceip-santacreu-anglesola\/wp-json\/wp\/v2\/media\/7588"}],"wp:attachment":[{"href":"https:\/\/agora.xtec.cat\/ceip-santacreu-anglesola\/wp-json\/wp\/v2\/media?parent=7587"}],"wp:term":[{"taxonomy":"category","embeddable":true,"href":"https:\/\/agora.xtec.cat\/ceip-santacreu-anglesola\/wp-json\/wp\/v2\/categories?post=7587"},{"taxonomy":"post_tag","embeddable":true,"href":"https:\/\/agora.xtec.cat\/ceip-santacreu-anglesola\/wp-json\/wp\/v2\/tags?post=7587"}],"curies":[{"name":"wp","href":"https:\/\/api.w.org\/{rel}","templated":true}]}}