{"id":7580,"date":"2025-02-24T17:02:20","date_gmt":"2025-02-24T16:02:20","guid":{"rendered":"https:\/\/agora.xtec.cat\/ceip-santacreu-anglesola\/?p=7580"},"modified":"2025-02-26T14:08:11","modified_gmt":"2025-02-26T13:08:11","slug":"visita-a-cal-marina","status":"publish","type":"post","link":"https:\/\/agora.xtec.cat\/ceip-santacreu-anglesola\/general\/visita-a-cal-marina\/","title":{"rendered":"Visita a Cal Marina"},"content":{"rendered":"<p>El dimecres 19 de febrer l&#8217;alumnat de Prim\u00e0ria va visitar l&#8217;establiment anglesol\u00ed Cal Marina. \u00c9s important que la mainada conegui el seu poble i la seva hist\u00f2ria i per aix\u00f2 vam voler realitzar aquesta visita. Aix\u00ed els infants van poder con\u00e8ixer el seu recorregut i compartir l&#8217;alegria d&#8217;haver rebut el Premi Nacional a Establiment Comercial Centenari de la Generalitat de Catalunya en la seva 24a edici\u00f3. Va ser una activitat molt interessant, vam descobrir que Cal Marina t\u00e9 una llarga traject\u00f2ria plena d&#8217;an\u00e8cdotes i hist\u00f2ria!<\/p>\n<p>Volem agrair als propietaris, la senyora Anna Caster\u00e0s, el senyor Antoni Ruera, i la seva filla, la Diana\u00a0 Ruera, per la seva bona predisposici\u00f3 a explicar-nos la vida del local i a ensenyar-nos els seus racons i objectes antics. Ah! I a l&#8217;acabar la visita ens van obsequiar amb unes palometes bon\u00edssimes! Gr\u00e0cies de part del professorat i de tots els nens i nenes!<\/p>\n<p>Cliqueu a la imatge per a veure les fotos.<\/p>\n<p><a href=\"https:\/\/agora.xtec.cat\/ceip-santacreu-anglesola\/?p=7577&amp;preview=true\"><img loading=\"lazy\" decoding=\"async\" class=\"sFlh5c FyHeAf alignnone\" src=\"https:\/\/encrypted-tbn0.gstatic.com\/images?q=tbn:ANd9GcRxRXKjy7oQJN9WorJCQ-vRb5JpQOJ6bin0pQ&amp;s\" alt=\"Cal Marina - Aquestes entrades del Cine Marina tenen prop de 49 anys. Un passat cin\u00e8fil de Cal Marina d'Anglesola que podeu comprovar a les parets de casa nostra. Actualment les dues\" width=\"259\" height=\"194\" data-ilt=\"1740151467334\" \/><\/a><\/p>\n","protected":false},"excerpt":{"rendered":"<p>El dimecres 19 de febrer l&#8217;alumnat de Prim\u00e0ria va visitar l&#8217;establiment anglesol\u00ed Cal Marina. \u00c9s important que la mainada conegui el seu poble i la seva hist\u00f2ria i per aix\u00f2 vam voler realitzar aquesta visita. Aix\u00ed els infants van poder con\u00e8ixer el seu recorregut i&hellip;  <a href=\"https:\/\/agora.xtec.cat\/ceip-santacreu-anglesola\/general\/visita-a-cal-marina\/\" title=\"Read Visita a Cal Marina\">Llegeix m\u00e9s\u00bb<\/a><\/p>\n","protected":false},"author":3,"featured_media":0,"comment_status":"open","ping_status":"closed","sticky":false,"template":"","format":"standard","meta":{"_bbp_topic_count":0,"_bbp_reply_count":0,"_bbp_total_topic_count":0,"_bbp_total_reply_count":0,"_bbp_voice_count":0,"_bbp_anonymous_reply_count":0,"_bbp_topic_count_hidden":0,"_bbp_reply_count_hidden":0,"_bbp_forum_subforum_count":0,"footnotes":""},"categories":[1,4],"tags":[],"class_list":["post-7580","post","type-post","status-publish","format-standard","hentry","category-general","category-portada"],"post_mailing_queue_ids":[],"_links":{"self":[{"href":"https:\/\/agora.xtec.cat\/ceip-santacreu-anglesola\/wp-json\/wp\/v2\/posts\/7580","targetHints":{"allow":["GET"]}}],"collection":[{"href":"https:\/\/agora.xtec.cat\/ceip-santacreu-anglesola\/wp-json\/wp\/v2\/posts"}],"about":[{"href":"https:\/\/agora.xtec.cat\/ceip-santacreu-anglesola\/wp-json\/wp\/v2\/types\/post"}],"author":[{"embeddable":true,"href":"https:\/\/agora.xtec.cat\/ceip-santacreu-anglesola\/wp-json\/wp\/v2\/users\/3"}],"replies":[{"embeddable":true,"href":"https:\/\/agora.xtec.cat\/ceip-santacreu-anglesola\/wp-json\/wp\/v2\/comments?post=7580"}],"version-history":[{"count":5,"href":"https:\/\/agora.xtec.cat\/ceip-santacreu-anglesola\/wp-json\/wp\/v2\/posts\/7580\/revisions"}],"predecessor-version":[{"id":7596,"href":"https:\/\/agora.xtec.cat\/ceip-santacreu-anglesola\/wp-json\/wp\/v2\/posts\/7580\/revisions\/7596"}],"wp:attachment":[{"href":"https:\/\/agora.xtec.cat\/ceip-santacreu-anglesola\/wp-json\/wp\/v2\/media?parent=7580"}],"wp:term":[{"taxonomy":"category","embeddable":true,"href":"https:\/\/agora.xtec.cat\/ceip-santacreu-anglesola\/wp-json\/wp\/v2\/categories?post=7580"},{"taxonomy":"post_tag","embeddable":true,"href":"https:\/\/agora.xtec.cat\/ceip-santacreu-anglesola\/wp-json\/wp\/v2\/tags?post=7580"}],"curies":[{"name":"wp","href":"https:\/\/api.w.org\/{rel}","templated":true}]}}