{"id":7571,"date":"2025-02-21T14:07:10","date_gmt":"2025-02-21T13:07:10","guid":{"rendered":"https:\/\/agora.xtec.cat\/ceip-santacreu-anglesola\/?p=7571"},"modified":"2025-02-24T09:40:53","modified_gmt":"2025-02-24T08:40:53","slug":"xerrada-i-taller-sobre-bioeconomia-circular-a-6e","status":"publish","type":"post","link":"https:\/\/agora.xtec.cat\/ceip-santacreu-anglesola\/general\/xerrada-i-taller-sobre-bioeconomia-circular-a-6e\/","title":{"rendered":"Xerrada i taller sobre Bioeconomia Circular a 6\u00e8"},"content":{"rendered":"<p>El dijous a la tarda vam fer un taller sobre Bioeconomia Circular i va venir a fer-lo una educadora ambiental de Les Borges Blanques, la J\u00falia Segal\u00e0s. Durant la seva explicaci\u00f3 vam aprendre com aquest model econ\u00f2mic pot ajudar a repensar l\u2019aprofitament dels residus, tant a nivell familiar com industrial. Despr\u00e9s de la seva exposici\u00f3, vam realitzar dues din\u00e0miques molt divertides per entendre millor els conceptes explicats.<\/p>\n<p>Aquesta visita ha estat una experi\u00e8ncia molt enriquidora que ens ha fet reflexionar sobre la import\u00e0ncia de cuidar el nostre planeta a trav\u00e9s de pr\u00e0ctiques sostenibles i responsables.<\/p>\n<p>Clica a la seg\u00fcent imatge per a veure les fotografies:<\/p>\n<p style=\"text-align: center;\"><a href=\"https:\/\/agora.xtec.cat\/ceip-santacreu-anglesola\/?p=7574&amp;preview=true\" target=\"_blank\" rel=\"noopener\"><img loading=\"lazy\" decoding=\"async\" class=\"alignnone wp-image-7572 size-medium\" src=\"https:\/\/agora.xtec.cat\/ceip-santacreu-anglesola\/wp-content\/uploads\/usu483\/2025\/02\/bio-300x150.jpg\" alt=\"\" width=\"300\" height=\"150\" srcset=\"https:\/\/agora.xtec.cat\/ceip-santacreu-anglesola\/wp-content\/uploads\/usu483\/2025\/02\/bio-300x150.jpg 300w, https:\/\/agora.xtec.cat\/ceip-santacreu-anglesola\/wp-content\/uploads\/usu483\/2025\/02\/bio.jpg 317w\" sizes=\"auto, (max-width: 300px) 100vw, 300px\" \/><\/a><\/p>\n","protected":false},"excerpt":{"rendered":"<p>El dijous a la tarda vam fer un taller sobre Bioeconomia Circular i va venir a fer-lo una educadora ambiental de Les Borges Blanques, la J\u00falia Segal\u00e0s. Durant la seva explicaci\u00f3 vam aprendre com aquest model econ\u00f2mic pot ajudar a repensar l\u2019aprofitament dels residus, tant&hellip;  <a href=\"https:\/\/agora.xtec.cat\/ceip-santacreu-anglesola\/general\/xerrada-i-taller-sobre-bioeconomia-circular-a-6e\/\" title=\"Read Xerrada i taller sobre Bioeconomia Circular a 6\u00e8\">Llegeix m\u00e9s\u00bb<\/a><\/p>\n","protected":false},"author":1,"featured_media":7572,"comment_status":"closed","ping_status":"closed","sticky":false,"template":"","format":"standard","meta":{"_bbp_topic_count":0,"_bbp_reply_count":0,"_bbp_total_topic_count":0,"_bbp_total_reply_count":0,"_bbp_voice_count":0,"_bbp_anonymous_reply_count":0,"_bbp_topic_count_hidden":0,"_bbp_reply_count_hidden":0,"_bbp_forum_subforum_count":0,"footnotes":""},"categories":[1,4],"tags":[],"class_list":["post-7571","post","type-post","status-publish","format-standard","has-post-thumbnail","hentry","category-general","category-portada"],"post_mailing_queue_ids":[],"_links":{"self":[{"href":"https:\/\/agora.xtec.cat\/ceip-santacreu-anglesola\/wp-json\/wp\/v2\/posts\/7571","targetHints":{"allow":["GET"]}}],"collection":[{"href":"https:\/\/agora.xtec.cat\/ceip-santacreu-anglesola\/wp-json\/wp\/v2\/posts"}],"about":[{"href":"https:\/\/agora.xtec.cat\/ceip-santacreu-anglesola\/wp-json\/wp\/v2\/types\/post"}],"author":[{"embeddable":true,"href":"https:\/\/agora.xtec.cat\/ceip-santacreu-anglesola\/wp-json\/wp\/v2\/users\/1"}],"replies":[{"embeddable":true,"href":"https:\/\/agora.xtec.cat\/ceip-santacreu-anglesola\/wp-json\/wp\/v2\/comments?post=7571"}],"version-history":[{"count":3,"href":"https:\/\/agora.xtec.cat\/ceip-santacreu-anglesola\/wp-json\/wp\/v2\/posts\/7571\/revisions"}],"predecessor-version":[{"id":7583,"href":"https:\/\/agora.xtec.cat\/ceip-santacreu-anglesola\/wp-json\/wp\/v2\/posts\/7571\/revisions\/7583"}],"wp:featuredmedia":[{"embeddable":true,"href":"https:\/\/agora.xtec.cat\/ceip-santacreu-anglesola\/wp-json\/wp\/v2\/media\/7572"}],"wp:attachment":[{"href":"https:\/\/agora.xtec.cat\/ceip-santacreu-anglesola\/wp-json\/wp\/v2\/media?parent=7571"}],"wp:term":[{"taxonomy":"category","embeddable":true,"href":"https:\/\/agora.xtec.cat\/ceip-santacreu-anglesola\/wp-json\/wp\/v2\/categories?post=7571"},{"taxonomy":"post_tag","embeddable":true,"href":"https:\/\/agora.xtec.cat\/ceip-santacreu-anglesola\/wp-json\/wp\/v2\/tags?post=7571"}],"curies":[{"name":"wp","href":"https:\/\/api.w.org\/{rel}","templated":true}]}}