{"id":7547,"date":"2025-02-14T18:31:38","date_gmt":"2025-02-14T17:31:38","guid":{"rendered":"https:\/\/agora.xtec.cat\/ceip-santacreu-anglesola\/?p=7547"},"modified":"2025-02-16T13:41:10","modified_gmt":"2025-02-16T12:41:10","slug":"teatre-a-tarrega-3r-i-4t","status":"publish","type":"post","link":"https:\/\/agora.xtec.cat\/ceip-santacreu-anglesola\/portada\/teatre-a-tarrega-3r-i-4t\/","title":{"rendered":"TEATRE A T\u00c0RREGA &#8211;  3r i 4t"},"content":{"rendered":"<p><span style=\"color: #444444;\"><span style=\"font-family: Arial, sans-serif;\"><span style=\"font-size: large;\">El d<\/span><\/span><\/span><span style=\"color: #444444;\"><span style=\"font-family: Arial, sans-serif;\"><span style=\"font-size: large;\">ijous 13 <\/span><\/span><\/span><span style=\"color: #444444;\"><span style=\"font-family: Arial, sans-serif;\"><span style=\"font-size: large;\">de febrer l\u2019alumnat d<\/span><\/span><\/span><span style=\"color: #444444;\"><span style=\"font-family: Arial, sans-serif;\"><span style=\"font-size: large;\">e 3r <\/span><\/span><\/span><span style=\"color: #444444;\"><span style=\"font-family: Arial, sans-serif;\"><span style=\"font-size: large;\">i<\/span><\/span><\/span> <span style=\"color: #444444;\"><span style=\"font-family: Arial, sans-serif;\"><span style=\"font-size: large;\">4<\/span><\/span><\/span><span style=\"color: #444444;\"><span style=\"font-family: Arial, sans-serif;\"><span style=\"font-size: large;\">t <\/span><\/span><\/span><span style=\"color: #444444;\"><span style=\"font-family: Arial, sans-serif;\"><span style=\"font-size: large;\">hem anat al teatre Ateneu de T\u00e0rrega a veure l\u2019<\/span><\/span><\/span><span style=\"color: #444444;\"><span style=\"font-family: Arial, sans-serif;\"><span style=\"font-size: large;\">obra: \u201c<\/span><\/span><\/span><span style=\"color: #444444;\"><span style=\"font-family: Arial, sans-serif;\"><span style=\"font-size: large;\">S\u00f3c una nou\u201d<\/span><\/span><\/span> <span style=\"color: #444444;\"><span style=\"font-family: Arial, sans-serif;\"><span style=\"font-size: large;\">de la Companyia Zum-Zum Teatr<\/span><\/span><\/span><span style=\"color: #444444;\"><span style=\"font-family: Arial, sans-serif;\"><span style=\"font-size: large;\">e, <\/span><\/span><\/span> <span style=\"color: #444444;\"><span style=\"font-family: Arial, sans-serif;\"><span style=\"font-size: large;\">una a<\/span><\/span><\/span><span style=\"color: #444444;\"><span style=\"font-family: Arial, sans-serif;\"><span style=\"font-size: large;\">daptaci\u00f3 del conte de l\u2019autora Beatriz Os\u00e9s. <\/span><\/span><\/span><\/p>\n<p><span style=\"color: #4e4e56;\"><span style=\"font-family: Arial, sans-serif;\"><span style=\"font-size: large;\">Un <\/span><\/span><\/span><span style=\"color: #4e4e56;\"><span style=\"font-family: Arial, sans-serif;\"><span style=\"font-size: large;\">e<\/span><\/span><\/span><span style=\"color: #4e4e56;\"><span style=\"font-family: Arial, sans-serif;\"><span style=\"font-size: large;\">spectacle que tracta d\u2019una hist\u00f2ria <\/span><\/span><\/span><span style=\"color: #444444;\"><span style=\"font-family: Arial, sans-serif;\"><span style=\"font-size: large;\">d\u2019un nen que va haver de fugir d\u2019un pa\u00eds en guerra i <\/span><\/span><\/span><span style=\"color: #444444;\"><span style=\"font-family: Arial, sans-serif;\"><span style=\"font-size: large;\">com va perdre als seus pares al mar, esperant tenir una oportunitat a la vida. <\/span><\/span><\/span><\/p>\n<p><span style=\"color: #4e4e56;\"><span style=\"font-family: Arial, sans-serif;\"><span style=\"font-size: large;\">L\u2019advocada Marinetti \u00e9s una dona implacable i amargada que ha denunciat a gaireb\u00e9 tot el ve\u00efnat. La seva vida canvia el dia en qu\u00e8 l\u2019Omar, un nen refugiat, cau d\u2019una branca de la seva noguera. El nen transforma la seva vida per complet i per poder quedar-se amb ell, diu que \u00e9s una nou i que, segons una antiga llei, tots els fruits que cauen al seu jard\u00ed li pertanyen.<\/span><\/span><\/span><\/p>\n<p><span style=\"color: #444444;\"><span style=\"font-family: Arial, sans-serif;\"><span style=\"font-size: large;\">Una obra que promou els valors de l\u2019amistat, amor, l\u2019educaci\u00f3 per la pau, la toler\u00e0ncia <\/span><\/span><\/span><span style=\"color: #444444;\"><span style=\"font-family: Arial, sans-serif;\"><span style=\"font-size: large;\">i<\/span><\/span><\/span><span style=\"color: #444444;\"><span style=\"font-family: Arial, sans-serif;\"><span style=\"font-size: large;\"> la solidaritat.<\/span><\/span><\/span><\/p>\n<p><span style=\"color: #444444;\"><span style=\"font-family: Arial, sans-serif;\"><span style=\"font-size: large;\">Ens ha agradat molt i ens ho hem passat molt b\u00e9!<\/span><\/span><\/span><\/p>\n<p><span style=\"color: #444444;\"><span style=\"font-family: Arial, sans-serif;\"><span style=\"font-size: large;\">Feu <\/span><\/span><\/span><strong><span style=\"color: #444444;\"><span style=\"font-family: Arial, sans-serif;\"><span style=\"font-size: large;\">clic <\/span><\/span><\/span><\/strong><span style=\"color: #444444;\"><span style=\"font-family: Arial, sans-serif;\"><span style=\"font-size: large;\">a la imatge per veure les fotos.<\/span><\/span><\/span><\/p>\n<p><a href=\"https:\/\/agora.xtec.cat\/ceip-santacreu-anglesola\/?p=7554&amp;preview=true\" target=\"_blank\" rel=\"noopener\"><img loading=\"lazy\" decoding=\"async\" class=\"aligncenter wp-image-7552 size-medium\" src=\"https:\/\/agora.xtec.cat\/ceip-santacreu-anglesola\/wp-content\/uploads\/usu483\/2025\/02\/Teatre-Ateneu-IMATGE-1-300x193.jpg\" alt=\"\" width=\"300\" height=\"193\" srcset=\"https:\/\/agora.xtec.cat\/ceip-santacreu-anglesola\/wp-content\/uploads\/usu483\/2025\/02\/Teatre-Ateneu-IMATGE-1-300x193.jpg 300w, https:\/\/agora.xtec.cat\/ceip-santacreu-anglesola\/wp-content\/uploads\/usu483\/2025\/02\/Teatre-Ateneu-IMATGE-1-1024x658.jpg 1024w, https:\/\/agora.xtec.cat\/ceip-santacreu-anglesola\/wp-content\/uploads\/usu483\/2025\/02\/Teatre-Ateneu-IMATGE-1-768x493.jpg 768w, https:\/\/agora.xtec.cat\/ceip-santacreu-anglesola\/wp-content\/uploads\/usu483\/2025\/02\/Teatre-Ateneu-IMATGE-1.jpg 1129w\" sizes=\"auto, (max-width: 300px) 100vw, 300px\" \/><\/a><\/p>\n<p>&nbsp;<\/p>\n<p>&nbsp;<\/p>\n<p>&nbsp;<\/p>\n<p>&nbsp;<\/p>\n","protected":false},"excerpt":{"rendered":"<p>El dijous 13 de febrer l\u2019alumnat de 3r i 4t hem anat al teatre Ateneu de T\u00e0rrega a veure l\u2019obra: \u201cS\u00f3c una nou\u201d de la Companyia Zum-Zum Teatre,  una adaptaci\u00f3 del conte de l\u2019autora Beatriz Os\u00e9s.<br \/>\nUn espectacle que tracta d\u2019una hist\u00f2ria d\u2019un nen&hellip;  <a href=\"https:\/\/agora.xtec.cat\/ceip-santacreu-anglesola\/portada\/teatre-a-tarrega-3r-i-4t\/\" title=\"Read TEATRE A T\u00c0RREGA &#8211;  3r i 4t\">Llegeix m\u00e9s\u00bb<\/a><\/p>\n","protected":false},"author":16,"featured_media":7552,"comment_status":"open","ping_status":"closed","sticky":false,"template":"","format":"standard","meta":{"_bbp_topic_count":0,"_bbp_reply_count":0,"_bbp_total_topic_count":0,"_bbp_total_reply_count":0,"_bbp_voice_count":0,"_bbp_anonymous_reply_count":0,"_bbp_topic_count_hidden":0,"_bbp_reply_count_hidden":0,"_bbp_forum_subforum_count":0,"footnotes":""},"categories":[4],"tags":[],"class_list":["post-7547","post","type-post","status-publish","format-standard","has-post-thumbnail","hentry","category-portada"],"post_mailing_queue_ids":[],"_links":{"self":[{"href":"https:\/\/agora.xtec.cat\/ceip-santacreu-anglesola\/wp-json\/wp\/v2\/posts\/7547","targetHints":{"allow":["GET"]}}],"collection":[{"href":"https:\/\/agora.xtec.cat\/ceip-santacreu-anglesola\/wp-json\/wp\/v2\/posts"}],"about":[{"href":"https:\/\/agora.xtec.cat\/ceip-santacreu-anglesola\/wp-json\/wp\/v2\/types\/post"}],"author":[{"embeddable":true,"href":"https:\/\/agora.xtec.cat\/ceip-santacreu-anglesola\/wp-json\/wp\/v2\/users\/16"}],"replies":[{"embeddable":true,"href":"https:\/\/agora.xtec.cat\/ceip-santacreu-anglesola\/wp-json\/wp\/v2\/comments?post=7547"}],"version-history":[{"count":6,"href":"https:\/\/agora.xtec.cat\/ceip-santacreu-anglesola\/wp-json\/wp\/v2\/posts\/7547\/revisions"}],"predecessor-version":[{"id":7560,"href":"https:\/\/agora.xtec.cat\/ceip-santacreu-anglesola\/wp-json\/wp\/v2\/posts\/7547\/revisions\/7560"}],"wp:featuredmedia":[{"embeddable":true,"href":"https:\/\/agora.xtec.cat\/ceip-santacreu-anglesola\/wp-json\/wp\/v2\/media\/7552"}],"wp:attachment":[{"href":"https:\/\/agora.xtec.cat\/ceip-santacreu-anglesola\/wp-json\/wp\/v2\/media?parent=7547"}],"wp:term":[{"taxonomy":"category","embeddable":true,"href":"https:\/\/agora.xtec.cat\/ceip-santacreu-anglesola\/wp-json\/wp\/v2\/categories?post=7547"},{"taxonomy":"post_tag","embeddable":true,"href":"https:\/\/agora.xtec.cat\/ceip-santacreu-anglesola\/wp-json\/wp\/v2\/tags?post=7547"}],"curies":[{"name":"wp","href":"https:\/\/api.w.org\/{rel}","templated":true}]}}