{"id":7545,"date":"2025-02-13T12:04:31","date_gmt":"2025-02-13T11:04:31","guid":{"rendered":"https:\/\/agora.xtec.cat\/ceip-santacreu-anglesola\/?p=7545"},"modified":"2025-02-13T12:04:31","modified_gmt":"2025-02-13T11:04:31","slug":"hora-del-conte-a-la-biblioteca-germanes-guell-de-tarrega","status":"publish","type":"post","link":"https:\/\/agora.xtec.cat\/ceip-santacreu-anglesola\/portada\/hora-del-conte-a-la-biblioteca-germanes-guell-de-tarrega\/","title":{"rendered":"Hora del conte a la Biblioteca Germanes G\u00fcell de T\u00e0rrega"},"content":{"rendered":"<p>Aquest dissabte 15 de febrer tindr\u00e0 lloc L\u2019Hora del Conte a la Biblioteca de T\u00e0rrega. Aqu\u00ed us en detallem la informaci\u00f3:<br \/>\nConte: MONSTRES, MONSTRUOSOS, PELUTS I GRACIOSOS<br \/>\nA c\u00e0rrec de VIVIM DEL CUENTU<br \/>\n2\/4 de 12 migdia | Biblioteca Germanes G\u00fcell |<\/p>\n<p>Activitat familiar i gratu\u00efta. Adre\u00e7at a nens i nenes a partir de 4 anys.<\/p>\n<p>Inscripci\u00f3 al 973 500 428<\/p>\n","protected":false},"excerpt":{"rendered":"<p>Aquest dissabte 15 de febrer tindr\u00e0 lloc L\u2019Hora del Conte a la Biblioteca de T\u00e0rrega. Aqu\u00ed us en detallem la informaci\u00f3:<br \/>\nConte: MONSTRES, MONSTRUOSOS, PELUTS I GRACIOSOS<br \/>\nA c\u00e0rrec de VIVIM DEL CUENTU<br \/>\n2\/4 de 12 migdia | Biblioteca Germanes G\u00fcell |<br \/>\nActivitat familiar i gratu\u00efta. Adre\u00e7at a nens&hellip;  <a href=\"https:\/\/agora.xtec.cat\/ceip-santacreu-anglesola\/portada\/hora-del-conte-a-la-biblioteca-germanes-guell-de-tarrega\/\" title=\"Read Hora del conte a la Biblioteca Germanes G\u00fcell de T\u00e0rrega\">Llegeix m\u00e9s\u00bb<\/a><\/p>\n","protected":false},"author":3,"featured_media":0,"comment_status":"open","ping_status":"closed","sticky":false,"template":"","format":"standard","meta":{"_bbp_topic_count":0,"_bbp_reply_count":0,"_bbp_total_topic_count":0,"_bbp_total_reply_count":0,"_bbp_voice_count":0,"_bbp_anonymous_reply_count":0,"_bbp_topic_count_hidden":0,"_bbp_reply_count_hidden":0,"_bbp_forum_subforum_count":0,"footnotes":""},"categories":[4,65],"tags":[],"class_list":["post-7545","post","type-post","status-publish","format-standard","hentry","category-portada","category-suggeriments"],"post_mailing_queue_ids":[],"_links":{"self":[{"href":"https:\/\/agora.xtec.cat\/ceip-santacreu-anglesola\/wp-json\/wp\/v2\/posts\/7545","targetHints":{"allow":["GET"]}}],"collection":[{"href":"https:\/\/agora.xtec.cat\/ceip-santacreu-anglesola\/wp-json\/wp\/v2\/posts"}],"about":[{"href":"https:\/\/agora.xtec.cat\/ceip-santacreu-anglesola\/wp-json\/wp\/v2\/types\/post"}],"author":[{"embeddable":true,"href":"https:\/\/agora.xtec.cat\/ceip-santacreu-anglesola\/wp-json\/wp\/v2\/users\/3"}],"replies":[{"embeddable":true,"href":"https:\/\/agora.xtec.cat\/ceip-santacreu-anglesola\/wp-json\/wp\/v2\/comments?post=7545"}],"version-history":[{"count":1,"href":"https:\/\/agora.xtec.cat\/ceip-santacreu-anglesola\/wp-json\/wp\/v2\/posts\/7545\/revisions"}],"predecessor-version":[{"id":7546,"href":"https:\/\/agora.xtec.cat\/ceip-santacreu-anglesola\/wp-json\/wp\/v2\/posts\/7545\/revisions\/7546"}],"wp:attachment":[{"href":"https:\/\/agora.xtec.cat\/ceip-santacreu-anglesola\/wp-json\/wp\/v2\/media?parent=7545"}],"wp:term":[{"taxonomy":"category","embeddable":true,"href":"https:\/\/agora.xtec.cat\/ceip-santacreu-anglesola\/wp-json\/wp\/v2\/categories?post=7545"},{"taxonomy":"post_tag","embeddable":true,"href":"https:\/\/agora.xtec.cat\/ceip-santacreu-anglesola\/wp-json\/wp\/v2\/tags?post=7545"}],"curies":[{"name":"wp","href":"https:\/\/api.w.org\/{rel}","templated":true}]}}