{"id":7531,"date":"2025-02-11T12:55:54","date_gmt":"2025-02-11T11:55:54","guid":{"rendered":"https:\/\/agora.xtec.cat\/ceip-santacreu-anglesola\/?p=7531"},"modified":"2025-02-11T12:55:54","modified_gmt":"2025-02-11T11:55:54","slug":"cientifiques","status":"publish","type":"post","link":"https:\/\/agora.xtec.cat\/ceip-santacreu-anglesola\/portada\/cientifiques\/","title":{"rendered":"#CIENT\u00cdFIQUES"},"content":{"rendered":"<p>Avui dia 11 de febrer \u00e9s el Dia Internacional de la Dona i la Nena en la Ci\u00e8ncia i a cicle superior hem rebut la visita de la Cristina, la qual ens ha explicat la seva feina. La Cristina \u00e9s infermera i cient\u00edfica i duu a terme diverses investigacions amb el seu equip format majorit\u00e0riament per dones. Ens ha presentat el Temi, un robot que han creat amb el programa Hidroponent per tal d\u2019ajudar les persones grans a beure m\u00e9s aigua. Diu que est\u00e0 contenta d\u2019haver escollit la seva feina, ja que pot ajudar la gent a viure m\u00e9s i millor, a m\u00e9s a m\u00e9s, aquesta feina tamb\u00e9 l\u2019ha ajudat a superar-se a ella mateixa. Ha animat a l\u2019alumnat a estar oberts a aprendre coses noves i els ha ensenyat que la ci\u00e8ncia \u00e9s molt diversa.<\/p>\n<p><a href=\"https:\/\/agora.xtec.cat\/ceip-santacreu-anglesola\/wp-content\/uploads\/usu483\/2025\/02\/fotobona-scaled.jpg\"><img loading=\"lazy\" decoding=\"async\" class=\"wp-image-7533 aligncenter\" src=\"https:\/\/agora.xtec.cat\/ceip-santacreu-anglesola\/wp-content\/uploads\/usu483\/2025\/02\/fotobona-1024x687.jpg\" alt=\"\" width=\"335\" height=\"225\" srcset=\"https:\/\/agora.xtec.cat\/ceip-santacreu-anglesola\/wp-content\/uploads\/usu483\/2025\/02\/fotobona-1024x687.jpg 1024w, https:\/\/agora.xtec.cat\/ceip-santacreu-anglesola\/wp-content\/uploads\/usu483\/2025\/02\/fotobona-300x201.jpg 300w, https:\/\/agora.xtec.cat\/ceip-santacreu-anglesola\/wp-content\/uploads\/usu483\/2025\/02\/fotobona-768x515.jpg 768w, https:\/\/agora.xtec.cat\/ceip-santacreu-anglesola\/wp-content\/uploads\/usu483\/2025\/02\/fotobona-1536x1031.jpg 1536w, https:\/\/agora.xtec.cat\/ceip-santacreu-anglesola\/wp-content\/uploads\/usu483\/2025\/02\/fotobona-2048x1374.jpg 2048w\" sizes=\"auto, (max-width: 335px) 100vw, 335px\" \/><\/a><\/p>\n<p>&nbsp;<\/p>\n","protected":false},"excerpt":{"rendered":"<p>Avui dia 11 de febrer \u00e9s el Dia Internacional de la Dona i la Nena en la Ci\u00e8ncia i a cicle superior hem rebut la visita de la Cristina, la qual ens ha explicat la seva feina. La Cristina \u00e9s infermera i cient\u00edfica i duu&hellip;  <a href=\"https:\/\/agora.xtec.cat\/ceip-santacreu-anglesola\/portada\/cientifiques\/\" title=\"Read #CIENT\u00cdFIQUES\">Llegeix m\u00e9s\u00bb<\/a><\/p>\n","protected":false},"author":44,"featured_media":7533,"comment_status":"closed","ping_status":"closed","sticky":false,"template":"","format":"standard","meta":{"_bbp_topic_count":0,"_bbp_reply_count":0,"_bbp_total_topic_count":0,"_bbp_total_reply_count":0,"_bbp_voice_count":0,"_bbp_anonymous_reply_count":0,"_bbp_topic_count_hidden":0,"_bbp_reply_count_hidden":0,"_bbp_forum_subforum_count":0,"footnotes":""},"categories":[14,15,4,5],"tags":[],"class_list":["post-7531","post","type-post","status-publish","format-standard","has-post-thumbnail","hentry","category-5e","category-6e","category-portada","category-primaria"],"post_mailing_queue_ids":[],"_links":{"self":[{"href":"https:\/\/agora.xtec.cat\/ceip-santacreu-anglesola\/wp-json\/wp\/v2\/posts\/7531","targetHints":{"allow":["GET"]}}],"collection":[{"href":"https:\/\/agora.xtec.cat\/ceip-santacreu-anglesola\/wp-json\/wp\/v2\/posts"}],"about":[{"href":"https:\/\/agora.xtec.cat\/ceip-santacreu-anglesola\/wp-json\/wp\/v2\/types\/post"}],"author":[{"embeddable":true,"href":"https:\/\/agora.xtec.cat\/ceip-santacreu-anglesola\/wp-json\/wp\/v2\/users\/44"}],"replies":[{"embeddable":true,"href":"https:\/\/agora.xtec.cat\/ceip-santacreu-anglesola\/wp-json\/wp\/v2\/comments?post=7531"}],"version-history":[{"count":1,"href":"https:\/\/agora.xtec.cat\/ceip-santacreu-anglesola\/wp-json\/wp\/v2\/posts\/7531\/revisions"}],"predecessor-version":[{"id":7534,"href":"https:\/\/agora.xtec.cat\/ceip-santacreu-anglesola\/wp-json\/wp\/v2\/posts\/7531\/revisions\/7534"}],"wp:featuredmedia":[{"embeddable":true,"href":"https:\/\/agora.xtec.cat\/ceip-santacreu-anglesola\/wp-json\/wp\/v2\/media\/7533"}],"wp:attachment":[{"href":"https:\/\/agora.xtec.cat\/ceip-santacreu-anglesola\/wp-json\/wp\/v2\/media?parent=7531"}],"wp:term":[{"taxonomy":"category","embeddable":true,"href":"https:\/\/agora.xtec.cat\/ceip-santacreu-anglesola\/wp-json\/wp\/v2\/categories?post=7531"},{"taxonomy":"post_tag","embeddable":true,"href":"https:\/\/agora.xtec.cat\/ceip-santacreu-anglesola\/wp-json\/wp\/v2\/tags?post=7531"}],"curies":[{"name":"wp","href":"https:\/\/api.w.org\/{rel}","templated":true}]}}