{"id":7526,"date":"2025-02-06T10:43:33","date_gmt":"2025-02-06T09:43:33","guid":{"rendered":"https:\/\/agora.xtec.cat\/ceip-santacreu-anglesola\/?p=7526"},"modified":"2025-02-06T10:44:48","modified_gmt":"2025-02-06T09:44:48","slug":"teatre-cicle-inicial-5-2-25-2","status":"publish","type":"post","link":"https:\/\/agora.xtec.cat\/ceip-santacreu-anglesola\/general\/teatre-cicle-inicial-5-2-25-2\/","title":{"rendered":"TEATRE CICLE INICIAL 5-2-25"},"content":{"rendered":"<p>Els nens i nenes de \u00a0CI hem\u00a0 agafat l\u2019autob\u00fas el dimecres 5 de febrer per anat al teatre Ateneu de T\u00e0rrega. Hem vist l\u2019obra \u201dAd\u00e9u \u00a0Peter Pan\u201d,un espectacle de titelles i actors que fa participar als petits espectadors\u00a0 amb una hist\u00f2ria molt propera que desperta la tendresa del p\u00fablic. \u00c9s una adaptaci\u00f3 d\u2019un conte cl\u00e0ssic a c\u00e0rrec de la companya Festuc Teatre, amb una gran posada en escena on els decorats, la m\u00fasica, les llums i la interpretaci\u00f3 ens han fet reflexionar sobre diversos valors.<\/p>\n<p>&nbsp;<\/p>\n<p>Feu <strong>clic<\/strong> a la imatge per veure m\u00e9s fotos.<\/p>\n<p style=\"text-align: center;\"><a href=\"https:\/\/agora.xtec.cat\/ceip-santacreu-anglesola\/general\/teatre-cicle-inicial-5-2-25\/\"><img loading=\"lazy\" decoding=\"async\" class=\"alignnone size-medium wp-image-7524\" src=\"https:\/\/agora.xtec.cat\/ceip-santacreu-anglesola\/wp-content\/uploads\/usu483\/2025\/02\/Teatre5-169x300.jpg\" alt=\"\" width=\"169\" height=\"300\" srcset=\"https:\/\/agora.xtec.cat\/ceip-santacreu-anglesola\/wp-content\/uploads\/usu483\/2025\/02\/Teatre5-169x300.jpg 169w, https:\/\/agora.xtec.cat\/ceip-santacreu-anglesola\/wp-content\/uploads\/usu483\/2025\/02\/Teatre5-576x1024.jpg 576w, https:\/\/agora.xtec.cat\/ceip-santacreu-anglesola\/wp-content\/uploads\/usu483\/2025\/02\/Teatre5-768x1365.jpg 768w, https:\/\/agora.xtec.cat\/ceip-santacreu-anglesola\/wp-content\/uploads\/usu483\/2025\/02\/Teatre5-864x1536.jpg 864w, https:\/\/agora.xtec.cat\/ceip-santacreu-anglesola\/wp-content\/uploads\/usu483\/2025\/02\/Teatre5.jpg 1152w\" sizes=\"auto, (max-width: 169px) 100vw, 169px\" \/><\/a><\/p>\n","protected":false},"excerpt":{"rendered":"<p>Els nens i nenes de \u00a0CI hem\u00a0 agafat l\u2019autob\u00fas el dimecres 5 de febrer per anat al teatre Ateneu de T\u00e0rrega. Hem vist l\u2019obra \u201dAd\u00e9u \u00a0Peter Pan\u201d,un espectacle de titelles i actors que fa participar als petits espectadors\u00a0 amb una hist\u00f2ria molt propera que desperta&hellip;  <a href=\"https:\/\/agora.xtec.cat\/ceip-santacreu-anglesola\/general\/teatre-cicle-inicial-5-2-25-2\/\" title=\"Read TEATRE CICLE INICIAL 5-2-25\">Llegeix m\u00e9s\u00bb<\/a><\/p>\n","protected":false},"author":27,"featured_media":7524,"comment_status":"open","ping_status":"closed","sticky":false,"template":"","format":"standard","meta":{"_bbp_topic_count":0,"_bbp_reply_count":0,"_bbp_total_topic_count":0,"_bbp_total_reply_count":0,"_bbp_voice_count":0,"_bbp_anonymous_reply_count":0,"_bbp_topic_count_hidden":0,"_bbp_reply_count_hidden":0,"_bbp_forum_subforum_count":0,"footnotes":""},"categories":[1,4],"tags":[],"class_list":["post-7526","post","type-post","status-publish","format-standard","has-post-thumbnail","hentry","category-general","category-portada"],"post_mailing_queue_ids":[],"_links":{"self":[{"href":"https:\/\/agora.xtec.cat\/ceip-santacreu-anglesola\/wp-json\/wp\/v2\/posts\/7526","targetHints":{"allow":["GET"]}}],"collection":[{"href":"https:\/\/agora.xtec.cat\/ceip-santacreu-anglesola\/wp-json\/wp\/v2\/posts"}],"about":[{"href":"https:\/\/agora.xtec.cat\/ceip-santacreu-anglesola\/wp-json\/wp\/v2\/types\/post"}],"author":[{"embeddable":true,"href":"https:\/\/agora.xtec.cat\/ceip-santacreu-anglesola\/wp-json\/wp\/v2\/users\/27"}],"replies":[{"embeddable":true,"href":"https:\/\/agora.xtec.cat\/ceip-santacreu-anglesola\/wp-json\/wp\/v2\/comments?post=7526"}],"version-history":[{"count":3,"href":"https:\/\/agora.xtec.cat\/ceip-santacreu-anglesola\/wp-json\/wp\/v2\/posts\/7526\/revisions"}],"predecessor-version":[{"id":7529,"href":"https:\/\/agora.xtec.cat\/ceip-santacreu-anglesola\/wp-json\/wp\/v2\/posts\/7526\/revisions\/7529"}],"wp:featuredmedia":[{"embeddable":true,"href":"https:\/\/agora.xtec.cat\/ceip-santacreu-anglesola\/wp-json\/wp\/v2\/media\/7524"}],"wp:attachment":[{"href":"https:\/\/agora.xtec.cat\/ceip-santacreu-anglesola\/wp-json\/wp\/v2\/media?parent=7526"}],"wp:term":[{"taxonomy":"category","embeddable":true,"href":"https:\/\/agora.xtec.cat\/ceip-santacreu-anglesola\/wp-json\/wp\/v2\/categories?post=7526"},{"taxonomy":"post_tag","embeddable":true,"href":"https:\/\/agora.xtec.cat\/ceip-santacreu-anglesola\/wp-json\/wp\/v2\/tags?post=7526"}],"curies":[{"name":"wp","href":"https:\/\/api.w.org\/{rel}","templated":true}]}}