{"id":7502,"date":"2025-02-03T13:42:47","date_gmt":"2025-02-03T12:42:47","guid":{"rendered":"https:\/\/agora.xtec.cat\/ceip-santacreu-anglesola\/?p=7502"},"modified":"2025-02-03T13:42:47","modified_gmt":"2025-02-03T12:42:47","slug":"sobre-mobils-i-peter-pans","status":"publish","type":"post","link":"https:\/\/agora.xtec.cat\/ceip-santacreu-anglesola\/portada\/sobre-mobils-i-peter-pans\/","title":{"rendered":"SOBRE M\u00d2BILS i PETER PANS"},"content":{"rendered":"<p>Us compartim dos articles que poden ser del vostre inter\u00e8s.<\/p>\n<p>El primer, sobre l&#8217;\u00fas i l&#8217;ab\u00fas dels dispositius m\u00f2bils i la lluita d&#8217;algunes fam\u00edlies per endarrerir-ne l&#8217;acc\u00e9s als seus fills i filles.<\/p>\n<p><a href=\"https:\/\/somconnexio.coop\/la-forca-de-les-families-per-endarrerir-lus-del-primer-mobil-als-setze-anys\/?utm_source=infoeduca&amp;utm_medium=email&amp;utm_campaign=infoeducagener25&amp;utm_content=articlefamilies\" target=\"_blank\" rel=\"noopener\">ARTICLE 1<\/a><\/p>\n<p>El segon, \u00e9s una reflexi\u00f3 sobre la import\u00e0ncia de l&#8217;escola en el proc\u00e9s maduratiu dels infants i en l&#8217;adquisici\u00f3 dels coneixements que els permetran desenvolupar el pensament cr\u00edtic.<\/p>\n<p><a href=\"https:\/\/fundacioepisteme.cat\/2023\/11\/28\/peter-pan-pedagog\/\" target=\"_blank\" rel=\"noopener\">ARTICLE 2<\/a><\/p>\n<p>Bona lectura \ud83d\ude42<\/p>\n","protected":false},"excerpt":{"rendered":"<p>Us compartim dos articles que poden ser del vostre inter\u00e8s.<br \/>\nEl primer, sobre l&#8217;\u00fas i l&#8217;ab\u00fas dels dispositius m\u00f2bils i la lluita d&#8217;algunes fam\u00edlies per endarrerir-ne l&#8217;acc\u00e9s als seus fills i filles.<br \/>\n<a href=\"https:\/\/somconnexio.coop\/la-forca-de-les-families-per-endarrerir-lus-del-primer-mobil-als-setze-anys\/?utm_source=infoeduca&amp;utm_medium=email&amp;utm_campaign=infoeducagener25&amp;utm_content=articlefamilies\" target=\"_blank\" rel=\"noopener\">ARTICLE 1<\/a><br \/>\nEl segon, \u00e9s una reflexi\u00f3 sobre la import\u00e0ncia de l&#8217;escola en&hellip;  <a href=\"https:\/\/agora.xtec.cat\/ceip-santacreu-anglesola\/portada\/sobre-mobils-i-peter-pans\/\" title=\"Read SOBRE M\u00d2BILS i PETER PANS\">Llegeix m\u00e9s\u00bb<\/a><\/p>\n","protected":false},"author":11,"featured_media":0,"comment_status":"open","ping_status":"closed","sticky":false,"template":"","format":"standard","meta":{"_bbp_topic_count":0,"_bbp_reply_count":0,"_bbp_total_topic_count":0,"_bbp_total_reply_count":0,"_bbp_voice_count":0,"_bbp_anonymous_reply_count":0,"_bbp_topic_count_hidden":0,"_bbp_reply_count_hidden":0,"_bbp_forum_subforum_count":0,"footnotes":""},"categories":[54,4],"tags":[],"class_list":["post-7502","post","type-post","status-publish","format-standard","hentry","category-articles","category-portada"],"post_mailing_queue_ids":[],"_links":{"self":[{"href":"https:\/\/agora.xtec.cat\/ceip-santacreu-anglesola\/wp-json\/wp\/v2\/posts\/7502","targetHints":{"allow":["GET"]}}],"collection":[{"href":"https:\/\/agora.xtec.cat\/ceip-santacreu-anglesola\/wp-json\/wp\/v2\/posts"}],"about":[{"href":"https:\/\/agora.xtec.cat\/ceip-santacreu-anglesola\/wp-json\/wp\/v2\/types\/post"}],"author":[{"embeddable":true,"href":"https:\/\/agora.xtec.cat\/ceip-santacreu-anglesola\/wp-json\/wp\/v2\/users\/11"}],"replies":[{"embeddable":true,"href":"https:\/\/agora.xtec.cat\/ceip-santacreu-anglesola\/wp-json\/wp\/v2\/comments?post=7502"}],"version-history":[{"count":1,"href":"https:\/\/agora.xtec.cat\/ceip-santacreu-anglesola\/wp-json\/wp\/v2\/posts\/7502\/revisions"}],"predecessor-version":[{"id":7509,"href":"https:\/\/agora.xtec.cat\/ceip-santacreu-anglesola\/wp-json\/wp\/v2\/posts\/7502\/revisions\/7509"}],"wp:attachment":[{"href":"https:\/\/agora.xtec.cat\/ceip-santacreu-anglesola\/wp-json\/wp\/v2\/media?parent=7502"}],"wp:term":[{"taxonomy":"category","embeddable":true,"href":"https:\/\/agora.xtec.cat\/ceip-santacreu-anglesola\/wp-json\/wp\/v2\/categories?post=7502"},{"taxonomy":"post_tag","embeddable":true,"href":"https:\/\/agora.xtec.cat\/ceip-santacreu-anglesola\/wp-json\/wp\/v2\/tags?post=7502"}],"curies":[{"name":"wp","href":"https:\/\/api.w.org\/{rel}","templated":true}]}}