{"id":7488,"date":"2025-01-27T09:00:50","date_gmt":"2025-01-27T08:00:50","guid":{"rendered":"https:\/\/agora.xtec.cat\/ceip-santacreu-anglesola\/?p=7488"},"modified":"2025-01-26T21:21:47","modified_gmt":"2025-01-26T20:21:47","slug":"lhora-del-conte-a-educacio-infantil-1r-trimestre","status":"publish","type":"post","link":"https:\/\/agora.xtec.cat\/ceip-santacreu-anglesola\/general\/lhora-del-conte-a-educacio-infantil-1r-trimestre\/","title":{"rendered":"L&#8217;hora del conte a Educaci\u00f3 Infantil (1r trimestre)"},"content":{"rendered":"<p>Aquest curs hem comen\u00e7at una nova activitat entre fam\u00edlia i escola. Es tracta de <strong>l&#8217;Hora del Conte<\/strong> i t\u00e9 com a objectiu que totes la fam\u00edlies vinguin a la classe dels seus fills\/es a explicar un conte. Durant el primer trimestre han estat vuit fam\u00edlies les que han participat d&#8217;aquesta activitat.<br \/>\nA la classe d&#8217; <strong>I3,<\/strong> l&#8217;Anna, la mare del KAI va venir a explicar dos contes:\u00a0 &#8220;l\u2019Amiga lleng\u00fca i l\u2019amic cuc&#8221; que el va explicar amb un titella de dit i &#8221; Max i els superherois&#8221; Als alumnes d&#8217;I3 els va encantar. Gr\u00e0cies per venir!<\/p>\n<p>A l\u2019aula d\u2018<strong>I4<\/strong> vam rebre la visita de quatre mares que ens van explicar un conte.<br \/>\nLa primera que ens va visitar va ser la Ionela, mare de l\u2019ANDREA i ens va explicar \u201cEls tres porquets\u201d. Despr\u00e9s la Maite, mare del MART\u00cd ens va exposar \u201cEn Pinotxo\u201d.<br \/>\nLa Laura, mare de la IVET ens va contar \u201cTinc un volc\u00e0 i no vull respirar\u201d. I per acabar el trimestre l\u2019Anna mare de la VALENTINA va interpretar el conte \u201cEl follet Oriol i l\u2019esperit de Nadal\u201d. Els infants van estar molt contents de la vostra visita. Des d&#8217;aqu\u00ed us volem donar les gr\u00e0cies per la vostra implicaci\u00f3!!.<\/p>\n<p>Pel que fa a la classe d&#8217;<strong>I5<\/strong>:<br \/>\nLa Flora, la mare de la THA\u00cdS ens va venir a explicar un conte molt bonic que parla del drac Rac, un conte inspirat en la coneguda can\u00e7\u00f3 del Pot petit &#8220;El Drac Rac&#8221;. Ens ho hem passat molt b\u00e9 escoltant les seves aventures. Gr\u00e0cies Flora!<br \/>\nL&#8217;Anna, la mare del JOFRE ens va venir a explicar el conte &#8220;No estic de mal humor&#8221;, en el qual el mico Jim no sap ben b\u00e9 per qu\u00e8 per\u00f2 no t\u00e9 un bon dia. El seus amics no ho entenen i el volen ajudar. Amb aquest conte vam poder parlar de que no sempre ens sentim igual i que quan alg\u00fa al nostre voltant se sent aix\u00ed ho hem de respectar. Un conte molt bonic per treballar el tema de les emocions. Gr\u00e0cies Anna!<br \/>\nLa Laia, la mare de l&#8217;\u00c8RIC Franquesa, va explicar-nos el conte &#8220;Un floc de neu a la butxaca&#8221;. Tamb\u00e9 ens va portar una manualitat per a realitzar una bola de neu amb els personatges del conte. Ens ho hem passat molt b\u00e9!<\/p>\n<p>Moltes gr\u00e0cies a totes les fam\u00edlies que han participat! Us animem a participar a la resta de fam\u00edlies!<\/p>\n<p><a href=\"https:\/\/agora.xtec.cat\/ceip-santacreu-anglesola\/?p=7490&amp;preview=true\"><img loading=\"lazy\" decoding=\"async\" class=\"alignnone wp-image-7493 size-medium\" src=\"https:\/\/agora.xtec.cat\/ceip-santacreu-anglesola\/wp-content\/uploads\/usu483\/2025\/01\/Lhora-del-conte-1-300x207.jpg\" alt=\"\" width=\"300\" height=\"207\" srcset=\"https:\/\/agora.xtec.cat\/ceip-santacreu-anglesola\/wp-content\/uploads\/usu483\/2025\/01\/Lhora-del-conte-1-300x207.jpg 300w, https:\/\/agora.xtec.cat\/ceip-santacreu-anglesola\/wp-content\/uploads\/usu483\/2025\/01\/Lhora-del-conte-1-768x530.jpg 768w, https:\/\/agora.xtec.cat\/ceip-santacreu-anglesola\/wp-content\/uploads\/usu483\/2025\/01\/Lhora-del-conte-1.jpg 1000w\" sizes=\"auto, (max-width: 300px) 100vw, 300px\" \/><\/a><\/p>\n","protected":false},"excerpt":{"rendered":"<p>Aquest curs hem comen\u00e7at una nova activitat entre fam\u00edlia i escola. Es tracta de l&#8217;Hora del Conte i t\u00e9 com a objectiu que totes la fam\u00edlies vinguin a la classe dels seus fills\/es a explicar un conte. Durant el primer trimestre han estat vuit fam\u00edlies&hellip;  <a href=\"https:\/\/agora.xtec.cat\/ceip-santacreu-anglesola\/general\/lhora-del-conte-a-educacio-infantil-1r-trimestre\/\" title=\"Read L&#8217;hora del conte a Educaci\u00f3 Infantil (1r trimestre)\">Llegeix m\u00e9s\u00bb<\/a><\/p>\n","protected":false},"author":4,"featured_media":0,"comment_status":"open","ping_status":"closed","sticky":false,"template":"","format":"standard","meta":{"_bbp_topic_count":0,"_bbp_reply_count":0,"_bbp_total_topic_count":0,"_bbp_total_reply_count":0,"_bbp_voice_count":0,"_bbp_anonymous_reply_count":0,"_bbp_topic_count_hidden":0,"_bbp_reply_count_hidden":0,"_bbp_forum_subforum_count":0,"footnotes":""},"categories":[1,4],"tags":[],"class_list":["post-7488","post","type-post","status-publish","format-standard","hentry","category-general","category-portada"],"post_mailing_queue_ids":[],"_links":{"self":[{"href":"https:\/\/agora.xtec.cat\/ceip-santacreu-anglesola\/wp-json\/wp\/v2\/posts\/7488","targetHints":{"allow":["GET"]}}],"collection":[{"href":"https:\/\/agora.xtec.cat\/ceip-santacreu-anglesola\/wp-json\/wp\/v2\/posts"}],"about":[{"href":"https:\/\/agora.xtec.cat\/ceip-santacreu-anglesola\/wp-json\/wp\/v2\/types\/post"}],"author":[{"embeddable":true,"href":"https:\/\/agora.xtec.cat\/ceip-santacreu-anglesola\/wp-json\/wp\/v2\/users\/4"}],"replies":[{"embeddable":true,"href":"https:\/\/agora.xtec.cat\/ceip-santacreu-anglesola\/wp-json\/wp\/v2\/comments?post=7488"}],"version-history":[{"count":6,"href":"https:\/\/agora.xtec.cat\/ceip-santacreu-anglesola\/wp-json\/wp\/v2\/posts\/7488\/revisions"}],"predecessor-version":[{"id":7499,"href":"https:\/\/agora.xtec.cat\/ceip-santacreu-anglesola\/wp-json\/wp\/v2\/posts\/7488\/revisions\/7499"}],"wp:attachment":[{"href":"https:\/\/agora.xtec.cat\/ceip-santacreu-anglesola\/wp-json\/wp\/v2\/media?parent=7488"}],"wp:term":[{"taxonomy":"category","embeddable":true,"href":"https:\/\/agora.xtec.cat\/ceip-santacreu-anglesola\/wp-json\/wp\/v2\/categories?post=7488"},{"taxonomy":"post_tag","embeddable":true,"href":"https:\/\/agora.xtec.cat\/ceip-santacreu-anglesola\/wp-json\/wp\/v2\/tags?post=7488"}],"curies":[{"name":"wp","href":"https:\/\/api.w.org\/{rel}","templated":true}]}}