{"id":7482,"date":"2025-01-22T16:26:07","date_gmt":"2025-01-22T15:26:07","guid":{"rendered":"https:\/\/agora.xtec.cat\/ceip-santacreu-anglesola\/?p=7482"},"modified":"2025-01-22T16:26:07","modified_gmt":"2025-01-22T15:26:07","slug":"visita-de-la-infermera-del-cap-de-tarrega-6e-2","status":"publish","type":"post","link":"https:\/\/agora.xtec.cat\/ceip-santacreu-anglesola\/general\/visita-de-la-infermera-del-cap-de-tarrega-6e-2\/","title":{"rendered":"VISITA DE LA INFERMERA DEL CAP DE T\u00c0RREGA, 6\u00e8"},"content":{"rendered":"<p>El passat dijous 16 de Gener vam tenir la visita de la N\u00faria, una infermera del CAP de T\u00e0rrega, que va venir a parlar a l\u2019alumnat de sis\u00e8 sobre \u201cEls canvis en el nostre cos\u201d enfocat des d\u2019una mirada educativa.<br \/>\nLa xerrada va partir del coneixement que tenia l\u2019alumnat envers el nom de totes les parts del nostre cos i de les diferents etapes de la vida d\u2019una persona.<br \/>\nTot l\u2019alumnat va gaudir molt de tota la xerrada a on van interactuar tota l\u2019estona amb la N\u00faria i van aprendre molt en un entorn segur i de confian\u00e7a.<\/p>\n<p style=\"text-align: justify;\"><a href=\"https:\/\/agora.xtec.cat\/ceip-santacreu-anglesola\/?p=7485&amp;preview=true\" target=\"_blank\" rel=\"noopener\"><img loading=\"lazy\" decoding=\"async\" class=\"aligncenter\" src=\"https:\/\/encrypted-tbn0.gstatic.com\/images?q=tbn:ANd9GcTAQNYyxut6m0az07_g1mXeXjl24pLAaO_Bvg&amp;s\" alt=\"\" width=\"224\" height=\"224\" \/><\/a><\/p>\n","protected":false},"excerpt":{"rendered":"<p>El passat dijous 16 de Gener vam tenir la visita de la N\u00faria, una infermera del CAP de T\u00e0rrega, que va venir a parlar a l\u2019alumnat de sis\u00e8 sobre \u201cEls canvis en el nostre cos\u201d enfocat des d\u2019una mirada educativa.<br \/>\nLa xerrada va partir del coneixement&hellip;  <a href=\"https:\/\/agora.xtec.cat\/ceip-santacreu-anglesola\/general\/visita-de-la-infermera-del-cap-de-tarrega-6e-2\/\" title=\"Read VISITA DE LA INFERMERA DEL CAP DE T\u00c0RREGA, 6\u00e8\">Llegeix m\u00e9s\u00bb<\/a><\/p>\n","protected":false},"author":1,"featured_media":7483,"comment_status":"closed","ping_status":"closed","sticky":false,"template":"","format":"standard","meta":{"_bbp_topic_count":0,"_bbp_reply_count":0,"_bbp_total_topic_count":0,"_bbp_total_reply_count":0,"_bbp_voice_count":0,"_bbp_anonymous_reply_count":0,"_bbp_topic_count_hidden":0,"_bbp_reply_count_hidden":0,"_bbp_forum_subforum_count":0,"footnotes":""},"categories":[1,4],"tags":[],"class_list":["post-7482","post","type-post","status-publish","format-standard","has-post-thumbnail","hentry","category-general","category-portada"],"post_mailing_queue_ids":[],"_links":{"self":[{"href":"https:\/\/agora.xtec.cat\/ceip-santacreu-anglesola\/wp-json\/wp\/v2\/posts\/7482","targetHints":{"allow":["GET"]}}],"collection":[{"href":"https:\/\/agora.xtec.cat\/ceip-santacreu-anglesola\/wp-json\/wp\/v2\/posts"}],"about":[{"href":"https:\/\/agora.xtec.cat\/ceip-santacreu-anglesola\/wp-json\/wp\/v2\/types\/post"}],"author":[{"embeddable":true,"href":"https:\/\/agora.xtec.cat\/ceip-santacreu-anglesola\/wp-json\/wp\/v2\/users\/1"}],"replies":[{"embeddable":true,"href":"https:\/\/agora.xtec.cat\/ceip-santacreu-anglesola\/wp-json\/wp\/v2\/comments?post=7482"}],"version-history":[{"count":1,"href":"https:\/\/agora.xtec.cat\/ceip-santacreu-anglesola\/wp-json\/wp\/v2\/posts\/7482\/revisions"}],"predecessor-version":[{"id":7487,"href":"https:\/\/agora.xtec.cat\/ceip-santacreu-anglesola\/wp-json\/wp\/v2\/posts\/7482\/revisions\/7487"}],"wp:featuredmedia":[{"embeddable":true,"href":"https:\/\/agora.xtec.cat\/ceip-santacreu-anglesola\/wp-json\/wp\/v2\/media\/7483"}],"wp:attachment":[{"href":"https:\/\/agora.xtec.cat\/ceip-santacreu-anglesola\/wp-json\/wp\/v2\/media?parent=7482"}],"wp:term":[{"taxonomy":"category","embeddable":true,"href":"https:\/\/agora.xtec.cat\/ceip-santacreu-anglesola\/wp-json\/wp\/v2\/categories?post=7482"},{"taxonomy":"post_tag","embeddable":true,"href":"https:\/\/agora.xtec.cat\/ceip-santacreu-anglesola\/wp-json\/wp\/v2\/tags?post=7482"}],"curies":[{"name":"wp","href":"https:\/\/api.w.org\/{rel}","templated":true}]}}