{"id":7444,"date":"2025-01-16T15:48:16","date_gmt":"2025-01-16T14:48:16","guid":{"rendered":"https:\/\/agora.xtec.cat\/ceip-santacreu-anglesola\/?p=7444"},"modified":"2025-01-16T15:51:26","modified_gmt":"2025-01-16T14:51:26","slug":"un-tomb-amb-carro","status":"publish","type":"post","link":"https:\/\/agora.xtec.cat\/ceip-santacreu-anglesola\/general\/un-tomb-amb-carro\/","title":{"rendered":"Un tomb amb carro"},"content":{"rendered":"<p>Aquest \u00e9s el tercer curs que l&#8217;escola i la Societat Sant Antoni Abad col\u00b7laborem per a fer una activitat amb els infants del centre. El passat divendres 10 de gener els nens i nenes de l&#8217;escola vam poder fer un tomb pel poble dalt d&#8217;un dels carros de la Societat tirat per una cavall preci\u00f3s. La mainada s&#8217;ho va passar d&#8217;all\u00f2 m\u00e9s b\u00e9. Volem agrair a la Societat que vulgui col\u00b7laborar amb l&#8217;escola i ens faci gaudir d&#8217;estones tan agradables.<\/p>\n<p>Cliqueu a la imatge per veure les fotos<\/p>\n<p><a href=\"https:\/\/agora.xtec.cat\/ceip-santacreu-anglesola\/?p=7446&amp;preview=true\"><img loading=\"lazy\" decoding=\"async\" class=\"sFlh5c FyHeAf iPVvYb\" src=\"https:\/\/cdn5.dibuixos.cat\/dibuixos\/pintar\/cavall-3.png\" alt=\"Dibuix de Cavall 3 per Pintar on-line - Dibuixos.cat\" width=\"284\" height=\"264\" aria-hidden=\"false\" \/><\/a><\/p>\n","protected":false},"excerpt":{"rendered":"<p>Aquest \u00e9s el tercer curs que l&#8217;escola i la Societat Sant Antoni Abad col\u00b7laborem per a fer una activitat amb els infants del centre. El passat divendres 10 de gener els nens i nenes de l&#8217;escola vam poder fer un tomb pel poble dalt d&#8217;un&hellip;  <a href=\"https:\/\/agora.xtec.cat\/ceip-santacreu-anglesola\/general\/un-tomb-amb-carro\/\" title=\"Read Un tomb amb carro\">Llegeix m\u00e9s\u00bb<\/a><\/p>\n","protected":false},"author":3,"featured_media":0,"comment_status":"open","ping_status":"closed","sticky":false,"template":"","format":"standard","meta":{"_bbp_topic_count":0,"_bbp_reply_count":0,"_bbp_total_topic_count":0,"_bbp_total_reply_count":0,"_bbp_voice_count":0,"_bbp_anonymous_reply_count":0,"_bbp_topic_count_hidden":0,"_bbp_reply_count_hidden":0,"_bbp_forum_subforum_count":0,"footnotes":""},"categories":[1,4],"tags":[],"class_list":["post-7444","post","type-post","status-publish","format-standard","hentry","category-general","category-portada"],"post_mailing_queue_ids":[],"_links":{"self":[{"href":"https:\/\/agora.xtec.cat\/ceip-santacreu-anglesola\/wp-json\/wp\/v2\/posts\/7444","targetHints":{"allow":["GET"]}}],"collection":[{"href":"https:\/\/agora.xtec.cat\/ceip-santacreu-anglesola\/wp-json\/wp\/v2\/posts"}],"about":[{"href":"https:\/\/agora.xtec.cat\/ceip-santacreu-anglesola\/wp-json\/wp\/v2\/types\/post"}],"author":[{"embeddable":true,"href":"https:\/\/agora.xtec.cat\/ceip-santacreu-anglesola\/wp-json\/wp\/v2\/users\/3"}],"replies":[{"embeddable":true,"href":"https:\/\/agora.xtec.cat\/ceip-santacreu-anglesola\/wp-json\/wp\/v2\/comments?post=7444"}],"version-history":[{"count":2,"href":"https:\/\/agora.xtec.cat\/ceip-santacreu-anglesola\/wp-json\/wp\/v2\/posts\/7444\/revisions"}],"predecessor-version":[{"id":7452,"href":"https:\/\/agora.xtec.cat\/ceip-santacreu-anglesola\/wp-json\/wp\/v2\/posts\/7444\/revisions\/7452"}],"wp:attachment":[{"href":"https:\/\/agora.xtec.cat\/ceip-santacreu-anglesola\/wp-json\/wp\/v2\/media?parent=7444"}],"wp:term":[{"taxonomy":"category","embeddable":true,"href":"https:\/\/agora.xtec.cat\/ceip-santacreu-anglesola\/wp-json\/wp\/v2\/categories?post=7444"},{"taxonomy":"post_tag","embeddable":true,"href":"https:\/\/agora.xtec.cat\/ceip-santacreu-anglesola\/wp-json\/wp\/v2\/tags?post=7444"}],"curies":[{"name":"wp","href":"https:\/\/api.w.org\/{rel}","templated":true}]}}