{"id":7432,"date":"2025-01-15T14:10:46","date_gmt":"2025-01-15T13:10:46","guid":{"rendered":"https:\/\/agora.xtec.cat\/ceip-santacreu-anglesola\/?p=7432"},"modified":"2025-01-18T00:43:47","modified_gmt":"2025-01-17T23:43:47","slug":"teatre-tommy-and-the-talent-thief","status":"publish","type":"post","link":"https:\/\/agora.xtec.cat\/ceip-santacreu-anglesola\/general\/teatre-tommy-and-the-talent-thief\/","title":{"rendered":"TEATRE &#8220;TOMMY AND THE TALENT THIEF&#8221;"},"content":{"rendered":"<p>Avui l&#8217;alumnat de cicle superior hem anat al teatre Ateneu de T\u00e0rrega a veure l&#8217;obra &#8220;Tommy and the talent thief&#8221;. A en Tommy li agrada molt ballar, per\u00f2 quan susp\u00e8n l&#8217;examen de ball creu que no t\u00e9 talent. El seu professor li diu que segurament li ha robat el Lladre de Talents el qual viu a la casa de dalt de la muntanya. En Tommy decideix pujar a dalt de la muntanya per tal de recuperar el talent que creu que li han robat. Durant el cam\u00ed coneix uns quants personatges que li posaran entrebancs en la seva missi\u00f3 i altres que l&#8217;ajudaran. En aquesta aventura m\u00e0gica i musical ens han transm\u00e8s un missatge molt important: hem de practicar i treballar molt si volem aconseguir alguna cosa. Ens ho hem passat molt b\u00e9, ha sigut un teatre molt participatiu el qual ha agradat molt a tot l&#8217;alumnat.<\/p>\n<p><strong><a href=\"https:\/\/agora.xtec.cat\/ceip-santacreu-anglesola\/general\/teatre-tommy-and-the-talent-thief-2\/\"><img loading=\"lazy\" decoding=\"async\" class=\"aligncenter\" src=\"https:\/\/agora.xtec.cat\/ceip-santacreu-anglesola\/wp-content\/uploads\/usu483\/2025\/01\/IMG_6513-1-scaled.jpg\" alt=\"\" width=\"347\" height=\"463\" \/><\/a><\/strong><\/p>\n<p>&nbsp;<\/p>\n","protected":false},"excerpt":{"rendered":"<p>Avui l&#8217;alumnat de cicle superior hem anat al teatre Ateneu de T\u00e0rrega a veure l&#8217;obra &#8220;Tommy and the talent thief&#8221;. A en Tommy li agrada molt ballar, per\u00f2 quan susp\u00e8n l&#8217;examen de ball creu que no t\u00e9 talent. El seu professor li diu que segurament&hellip;  <a href=\"https:\/\/agora.xtec.cat\/ceip-santacreu-anglesola\/general\/teatre-tommy-and-the-talent-thief\/\" title=\"Read TEATRE &#8220;TOMMY AND THE TALENT THIEF&#8221;\">Llegeix m\u00e9s\u00bb<\/a><\/p>\n","protected":false},"author":44,"featured_media":7433,"comment_status":"closed","ping_status":"closed","sticky":false,"template":"","format":"standard","meta":{"_bbp_topic_count":0,"_bbp_reply_count":0,"_bbp_total_topic_count":0,"_bbp_total_reply_count":0,"_bbp_voice_count":0,"_bbp_anonymous_reply_count":0,"_bbp_topic_count_hidden":0,"_bbp_reply_count_hidden":0,"_bbp_forum_subforum_count":0,"footnotes":""},"categories":[1,4],"tags":[],"class_list":["post-7432","post","type-post","status-publish","format-standard","has-post-thumbnail","hentry","category-general","category-portada"],"post_mailing_queue_ids":[],"_links":{"self":[{"href":"https:\/\/agora.xtec.cat\/ceip-santacreu-anglesola\/wp-json\/wp\/v2\/posts\/7432","targetHints":{"allow":["GET"]}}],"collection":[{"href":"https:\/\/agora.xtec.cat\/ceip-santacreu-anglesola\/wp-json\/wp\/v2\/posts"}],"about":[{"href":"https:\/\/agora.xtec.cat\/ceip-santacreu-anglesola\/wp-json\/wp\/v2\/types\/post"}],"author":[{"embeddable":true,"href":"https:\/\/agora.xtec.cat\/ceip-santacreu-anglesola\/wp-json\/wp\/v2\/users\/44"}],"replies":[{"embeddable":true,"href":"https:\/\/agora.xtec.cat\/ceip-santacreu-anglesola\/wp-json\/wp\/v2\/comments?post=7432"}],"version-history":[{"count":4,"href":"https:\/\/agora.xtec.cat\/ceip-santacreu-anglesola\/wp-json\/wp\/v2\/posts\/7432\/revisions"}],"predecessor-version":[{"id":7457,"href":"https:\/\/agora.xtec.cat\/ceip-santacreu-anglesola\/wp-json\/wp\/v2\/posts\/7432\/revisions\/7457"}],"wp:featuredmedia":[{"embeddable":true,"href":"https:\/\/agora.xtec.cat\/ceip-santacreu-anglesola\/wp-json\/wp\/v2\/media\/7433"}],"wp:attachment":[{"href":"https:\/\/agora.xtec.cat\/ceip-santacreu-anglesola\/wp-json\/wp\/v2\/media?parent=7432"}],"wp:term":[{"taxonomy":"category","embeddable":true,"href":"https:\/\/agora.xtec.cat\/ceip-santacreu-anglesola\/wp-json\/wp\/v2\/categories?post=7432"},{"taxonomy":"post_tag","embeddable":true,"href":"https:\/\/agora.xtec.cat\/ceip-santacreu-anglesola\/wp-json\/wp\/v2\/tags?post=7432"}],"curies":[{"name":"wp","href":"https:\/\/api.w.org\/{rel}","templated":true}]}}