{"id":7423,"date":"2025-01-09T10:13:41","date_gmt":"2025-01-09T09:13:41","guid":{"rendered":"https:\/\/agora.xtec.cat\/ceip-santacreu-anglesola\/?p=7423"},"modified":"2025-01-09T12:15:39","modified_gmt":"2025-01-09T11:15:39","slug":"han-passat-els-reis-2","status":"publish","type":"post","link":"https:\/\/agora.xtec.cat\/ceip-santacreu-anglesola\/general\/han-passat-els-reis-2\/","title":{"rendered":"Han passat els Reis!"},"content":{"rendered":"<p>El dia 8 de gener, en arribar a l&#8217;escola, ens hem trobat regals dels Reis d&#8217;Orient. S\u00f3n els regals que els havia demanat a la carta l&#8217;AMPA!<br \/>\nCom ens han agradat tenir aquesta sorpresa!<\/p>\n<p>A l&#8217;alumnat d&#8217;Educaci\u00f3 Infantil els ha dut bicicletes pel pati, a l&#8217;alumnat de Cicle Inicial lupes, pots d&#8217;observaci\u00f3 i un llibre d&#8217;insectes, tamb\u00e9 una futbol\u00ed de taula; a l&#8217;alumnat de Cicle Mitj\u00e0 i Cicle Superior els ha dut prestatges per les classes!<\/p>\n<p>Moltes gr\u00e0cies Reis d\u2019Orient! Moltes gr\u00e0cies AMPA per escriure la carta!<\/p>\n<p><a href=\"https:\/\/agora.xtec.cat\/ceip-santacreu-anglesola\/general\/han-passat-els-reis\/\"><img loading=\"lazy\" decoding=\"async\" class=\"alignnone wp-image-7427 size-medium\" src=\"https:\/\/agora.xtec.cat\/ceip-santacreu-anglesola\/wp-content\/uploads\/usu483\/2025\/01\/reis-300x193.png\" alt=\"\" width=\"300\" height=\"193\" srcset=\"https:\/\/agora.xtec.cat\/ceip-santacreu-anglesola\/wp-content\/uploads\/usu483\/2025\/01\/reis-300x193.png 300w, https:\/\/agora.xtec.cat\/ceip-santacreu-anglesola\/wp-content\/uploads\/usu483\/2025\/01\/reis-1024x657.png 1024w, https:\/\/agora.xtec.cat\/ceip-santacreu-anglesola\/wp-content\/uploads\/usu483\/2025\/01\/reis-768x493.png 768w, https:\/\/agora.xtec.cat\/ceip-santacreu-anglesola\/wp-content\/uploads\/usu483\/2025\/01\/reis.png 1150w\" sizes=\"auto, (max-width: 300px) 100vw, 300px\" \/><\/a><\/p>\n","protected":false},"excerpt":{"rendered":"<p>El dia 8 de gener, en arribar a l&#8217;escola, ens hem trobat regals dels Reis d&#8217;Orient. S\u00f3n els regals que els havia demanat a la carta l&#8217;AMPA!<br \/>\nCom ens han agradat tenir aquesta sorpresa!<br \/>\nA l&#8217;alumnat d&#8217;Educaci\u00f3 Infantil els ha dut bicicletes pel pati, a l&#8217;alumnat de&hellip;  <a href=\"https:\/\/agora.xtec.cat\/ceip-santacreu-anglesola\/general\/han-passat-els-reis-2\/\" title=\"Read Han passat els Reis!\">Llegeix m\u00e9s\u00bb<\/a><\/p>\n","protected":false},"author":1,"featured_media":0,"comment_status":"open","ping_status":"closed","sticky":false,"template":"","format":"standard","meta":{"_bbp_topic_count":0,"_bbp_reply_count":0,"_bbp_total_topic_count":0,"_bbp_total_reply_count":0,"_bbp_voice_count":0,"_bbp_anonymous_reply_count":0,"_bbp_topic_count_hidden":0,"_bbp_reply_count_hidden":0,"_bbp_forum_subforum_count":0,"footnotes":""},"categories":[1,4],"tags":[],"class_list":["post-7423","post","type-post","status-publish","format-standard","hentry","category-general","category-portada"],"post_mailing_queue_ids":[],"_links":{"self":[{"href":"https:\/\/agora.xtec.cat\/ceip-santacreu-anglesola\/wp-json\/wp\/v2\/posts\/7423","targetHints":{"allow":["GET"]}}],"collection":[{"href":"https:\/\/agora.xtec.cat\/ceip-santacreu-anglesola\/wp-json\/wp\/v2\/posts"}],"about":[{"href":"https:\/\/agora.xtec.cat\/ceip-santacreu-anglesola\/wp-json\/wp\/v2\/types\/post"}],"author":[{"embeddable":true,"href":"https:\/\/agora.xtec.cat\/ceip-santacreu-anglesola\/wp-json\/wp\/v2\/users\/1"}],"replies":[{"embeddable":true,"href":"https:\/\/agora.xtec.cat\/ceip-santacreu-anglesola\/wp-json\/wp\/v2\/comments?post=7423"}],"version-history":[{"count":3,"href":"https:\/\/agora.xtec.cat\/ceip-santacreu-anglesola\/wp-json\/wp\/v2\/posts\/7423\/revisions"}],"predecessor-version":[{"id":7431,"href":"https:\/\/agora.xtec.cat\/ceip-santacreu-anglesola\/wp-json\/wp\/v2\/posts\/7423\/revisions\/7431"}],"wp:attachment":[{"href":"https:\/\/agora.xtec.cat\/ceip-santacreu-anglesola\/wp-json\/wp\/v2\/media?parent=7423"}],"wp:term":[{"taxonomy":"category","embeddable":true,"href":"https:\/\/agora.xtec.cat\/ceip-santacreu-anglesola\/wp-json\/wp\/v2\/categories?post=7423"},{"taxonomy":"post_tag","embeddable":true,"href":"https:\/\/agora.xtec.cat\/ceip-santacreu-anglesola\/wp-json\/wp\/v2\/tags?post=7423"}],"curies":[{"name":"wp","href":"https:\/\/api.w.org\/{rel}","templated":true}]}}