{"id":7415,"date":"2025-01-08T13:40:48","date_gmt":"2025-01-08T12:40:48","guid":{"rendered":"https:\/\/agora.xtec.cat\/ceip-santacreu-anglesola\/?p=7415"},"modified":"2025-01-08T13:41:49","modified_gmt":"2025-01-08T12:41:49","slug":"cantada-de-nadales-a-la-residencia-davis","status":"publish","type":"post","link":"https:\/\/agora.xtec.cat\/ceip-santacreu-anglesola\/general\/cantada-de-nadales-a-la-residencia-davis\/","title":{"rendered":"Cantada de nadales a la resid\u00e8ncia d&#8217;avis"},"content":{"rendered":"<p>El passat 19 de desembre vam anar a cantar a la resid\u00e8ncia d&#8217;avis. El dijous al mat\u00ed tot l&#8217;alumnat de l&#8217;escola vam anar a la resid\u00e8ncia a cantar per als avis i \u00e0vies. Va ser una experi\u00e8ncia que ens va agradar molt, ja que vam tenir un p\u00fablic molt especial i molt proper.<\/p>\n<p>Els nens i nenes de sis\u00e8 quan van acabar el concert van fer entrega d&#8217;unes postals personalitzades que van fer als avis i \u00e0vies de la resid\u00e8ncia.<\/p>\n<p>Va ser un mat\u00ed molt bonic i especial, tant cantaires com p\u00fablic van quedar molt contents i satisfets. Esperem poder-ho repetir l&#8217;any vinent.<\/p>\n<p>Podeu veure les imatges clicant la seg\u00fcent imatge.<\/p>\n<p><a href=\"https:\/\/agora.xtec.cat\/ceip-santacreu-anglesola\/general\/fotos-cantada-a-la-residencia\/\"><img loading=\"lazy\" decoding=\"async\" class=\" wp-image-7416 aligncenter\" src=\"https:\/\/agora.xtec.cat\/ceip-santacreu-anglesola\/wp-content\/uploads\/usu483\/2025\/01\/cantants-1024x639.png\" alt=\"\" width=\"527\" height=\"329\" srcset=\"https:\/\/agora.xtec.cat\/ceip-santacreu-anglesola\/wp-content\/uploads\/usu483\/2025\/01\/cantants-1024x639.png 1024w, https:\/\/agora.xtec.cat\/ceip-santacreu-anglesola\/wp-content\/uploads\/usu483\/2025\/01\/cantants-300x187.png 300w, https:\/\/agora.xtec.cat\/ceip-santacreu-anglesola\/wp-content\/uploads\/usu483\/2025\/01\/cantants-768x479.png 768w, https:\/\/agora.xtec.cat\/ceip-santacreu-anglesola\/wp-content\/uploads\/usu483\/2025\/01\/cantants-1536x959.png 1536w, https:\/\/agora.xtec.cat\/ceip-santacreu-anglesola\/wp-content\/uploads\/usu483\/2025\/01\/cantants.png 1993w\" sizes=\"auto, (max-width: 527px) 100vw, 527px\" \/><\/a><\/p>\n<p>&nbsp;<\/p>\n<p>&nbsp;<\/p>\n","protected":false},"excerpt":{"rendered":"<p>El passat 19 de desembre vam anar a cantar a la resid\u00e8ncia d&#8217;avis. El dijous al mat\u00ed tot l&#8217;alumnat de l&#8217;escola vam anar a la resid\u00e8ncia a cantar per als avis i \u00e0vies. Va ser una experi\u00e8ncia que ens va agradar molt, ja que vam&hellip;  <a href=\"https:\/\/agora.xtec.cat\/ceip-santacreu-anglesola\/general\/cantada-de-nadales-a-la-residencia-davis\/\" title=\"Read Cantada de nadales a la resid\u00e8ncia d&#8217;avis\">Llegeix m\u00e9s\u00bb<\/a><\/p>\n","protected":false},"author":1,"featured_media":7416,"comment_status":"open","ping_status":"closed","sticky":false,"template":"","format":"standard","meta":{"_bbp_topic_count":0,"_bbp_reply_count":0,"_bbp_total_topic_count":0,"_bbp_total_reply_count":0,"_bbp_voice_count":0,"_bbp_anonymous_reply_count":0,"_bbp_topic_count_hidden":0,"_bbp_reply_count_hidden":0,"_bbp_forum_subforum_count":0,"footnotes":""},"categories":[1,4],"tags":[],"class_list":["post-7415","post","type-post","status-publish","format-standard","has-post-thumbnail","hentry","category-general","category-portada"],"post_mailing_queue_ids":[],"_links":{"self":[{"href":"https:\/\/agora.xtec.cat\/ceip-santacreu-anglesola\/wp-json\/wp\/v2\/posts\/7415","targetHints":{"allow":["GET"]}}],"collection":[{"href":"https:\/\/agora.xtec.cat\/ceip-santacreu-anglesola\/wp-json\/wp\/v2\/posts"}],"about":[{"href":"https:\/\/agora.xtec.cat\/ceip-santacreu-anglesola\/wp-json\/wp\/v2\/types\/post"}],"author":[{"embeddable":true,"href":"https:\/\/agora.xtec.cat\/ceip-santacreu-anglesola\/wp-json\/wp\/v2\/users\/1"}],"replies":[{"embeddable":true,"href":"https:\/\/agora.xtec.cat\/ceip-santacreu-anglesola\/wp-json\/wp\/v2\/comments?post=7415"}],"version-history":[{"count":3,"href":"https:\/\/agora.xtec.cat\/ceip-santacreu-anglesola\/wp-json\/wp\/v2\/posts\/7415\/revisions"}],"predecessor-version":[{"id":7421,"href":"https:\/\/agora.xtec.cat\/ceip-santacreu-anglesola\/wp-json\/wp\/v2\/posts\/7415\/revisions\/7421"}],"wp:featuredmedia":[{"embeddable":true,"href":"https:\/\/agora.xtec.cat\/ceip-santacreu-anglesola\/wp-json\/wp\/v2\/media\/7416"}],"wp:attachment":[{"href":"https:\/\/agora.xtec.cat\/ceip-santacreu-anglesola\/wp-json\/wp\/v2\/media?parent=7415"}],"wp:term":[{"taxonomy":"category","embeddable":true,"href":"https:\/\/agora.xtec.cat\/ceip-santacreu-anglesola\/wp-json\/wp\/v2\/categories?post=7415"},{"taxonomy":"post_tag","embeddable":true,"href":"https:\/\/agora.xtec.cat\/ceip-santacreu-anglesola\/wp-json\/wp\/v2\/tags?post=7415"}],"curies":[{"name":"wp","href":"https:\/\/api.w.org\/{rel}","templated":true}]}}