{"id":7379,"date":"2024-12-09T17:05:21","date_gmt":"2024-12-09T16:05:21","guid":{"rendered":"https:\/\/agora.xtec.cat\/ceip-santacreu-anglesola\/?p=7379"},"modified":"2024-12-10T09:46:51","modified_gmt":"2024-12-10T08:46:51","slug":"taller-per-combatre-el-racisme-a-cicle-mitja","status":"publish","type":"post","link":"https:\/\/agora.xtec.cat\/ceip-santacreu-anglesola\/general\/taller-per-combatre-el-racisme-a-cicle-mitja\/","title":{"rendered":"TALLER PER COMBATRE EL RACISME A CICLE MITJ\u00c0"},"content":{"rendered":"<p>Aquest dilluns 9 de desembre, els alumnes de cicle mitj\u00e0 vam realitzar un <strong>Taller per combatre el racisme. <\/strong><\/p>\n<p>En primer lloc, la Nogay de <strong>SOS RACISME<\/strong> ens va explicar el concepte de racisme i ens va parlar dels termes: racisme i antiracisme.<\/p>\n<p>Despr\u00e9s, entre tots, vam fer la lectura del \u00a0conte anomenat <strong>\u201cBeb\u00e9 antirracista\u201d<\/strong> i el vam comentar. Tamb\u00e9 vam mirar un v\u00eddeo de sensibilitzaci\u00f3 contra el racisme. Despr\u00e9s vam fer un debat on els alumnes s\u2019hi van implicar molt.<\/p>\n<p>Finalment, i per concloure el taller, vam fer una din\u00e0mica d\u2019un joc per sensibilitzar-nos sobre la discriminaci\u00f3. Aquest joc consistia en fer dos grups que competien i cada grup tenia un l\u00edmit de temps diferent per poder realitzar el joc.<\/p>\n<p>Aquest taller ens va fer reflexionar i ens va fer adonar de les injust\u00edcies que hi ha al m\u00f3n. I tamb\u00e9 que hem de treballar sobretot el respecte, l\u2019empatia, la interculturalitat, la conviv\u00e8ncia&#8230;cada dia per eliminar els prejudicis i les discriminacions de qualsevol tipus!!<\/p>\n<p>Cliqueu damunt de la imatge per veure les fotografies:<\/p>\n<p><a href=\"https:\/\/agora.xtec.cat\/ceip-santacreu-anglesola\/primaria\/3r\/taller-per-combatre-el-racisme\/\" target=\"_blank\" rel=\"noopener\"><img loading=\"lazy\" decoding=\"async\" class=\"alignleft wp-image-7377\" src=\"https:\/\/agora.xtec.cat\/ceip-santacreu-anglesola\/wp-content\/uploads\/usu483\/2024\/12\/1000_F_14300139_QbE4g5Wm1rQzNjR7z7UAmHcc5sW2MdMd-e1733758709241-300x233.jpg\" alt=\"\" width=\"229\" height=\"178\" srcset=\"https:\/\/agora.xtec.cat\/ceip-santacreu-anglesola\/wp-content\/uploads\/usu483\/2024\/12\/1000_F_14300139_QbE4g5Wm1rQzNjR7z7UAmHcc5sW2MdMd-e1733758709241-300x233.jpg 300w, https:\/\/agora.xtec.cat\/ceip-santacreu-anglesola\/wp-content\/uploads\/usu483\/2024\/12\/1000_F_14300139_QbE4g5Wm1rQzNjR7z7UAmHcc5sW2MdMd-e1733758709241-768x596.jpg 768w, https:\/\/agora.xtec.cat\/ceip-santacreu-anglesola\/wp-content\/uploads\/usu483\/2024\/12\/1000_F_14300139_QbE4g5Wm1rQzNjR7z7UAmHcc5sW2MdMd-e1733758709241.jpg 966w\" sizes=\"auto, (max-width: 229px) 100vw, 229px\" \/><\/a><\/p>\n","protected":false},"excerpt":{"rendered":"<p>Aquest dilluns 9 de desembre, els alumnes de cicle mitj\u00e0 vam realitzar un Taller per combatre el racisme.<br \/>\nEn primer lloc, la Nogay de SOS RACISME ens va explicar el concepte de racisme i ens va parlar dels termes: racisme i antiracisme.<br \/>\nDespr\u00e9s, entre tots, vam&hellip;  <a href=\"https:\/\/agora.xtec.cat\/ceip-santacreu-anglesola\/general\/taller-per-combatre-el-racisme-a-cicle-mitja\/\" title=\"Read TALLER PER COMBATRE EL RACISME A CICLE MITJ\u00c0\">Llegeix m\u00e9s\u00bb<\/a><\/p>\n","protected":false},"author":16,"featured_media":7377,"comment_status":"open","ping_status":"closed","sticky":false,"template":"","format":"standard","meta":{"_bbp_topic_count":0,"_bbp_reply_count":0,"_bbp_total_topic_count":0,"_bbp_total_reply_count":0,"_bbp_voice_count":0,"_bbp_anonymous_reply_count":0,"_bbp_topic_count_hidden":0,"_bbp_reply_count_hidden":0,"_bbp_forum_subforum_count":0,"footnotes":""},"categories":[1,4],"tags":[],"class_list":["post-7379","post","type-post","status-publish","format-standard","has-post-thumbnail","hentry","category-general","category-portada"],"post_mailing_queue_ids":[],"_links":{"self":[{"href":"https:\/\/agora.xtec.cat\/ceip-santacreu-anglesola\/wp-json\/wp\/v2\/posts\/7379","targetHints":{"allow":["GET"]}}],"collection":[{"href":"https:\/\/agora.xtec.cat\/ceip-santacreu-anglesola\/wp-json\/wp\/v2\/posts"}],"about":[{"href":"https:\/\/agora.xtec.cat\/ceip-santacreu-anglesola\/wp-json\/wp\/v2\/types\/post"}],"author":[{"embeddable":true,"href":"https:\/\/agora.xtec.cat\/ceip-santacreu-anglesola\/wp-json\/wp\/v2\/users\/16"}],"replies":[{"embeddable":true,"href":"https:\/\/agora.xtec.cat\/ceip-santacreu-anglesola\/wp-json\/wp\/v2\/comments?post=7379"}],"version-history":[{"count":6,"href":"https:\/\/agora.xtec.cat\/ceip-santacreu-anglesola\/wp-json\/wp\/v2\/posts\/7379\/revisions"}],"predecessor-version":[{"id":7390,"href":"https:\/\/agora.xtec.cat\/ceip-santacreu-anglesola\/wp-json\/wp\/v2\/posts\/7379\/revisions\/7390"}],"wp:featuredmedia":[{"embeddable":true,"href":"https:\/\/agora.xtec.cat\/ceip-santacreu-anglesola\/wp-json\/wp\/v2\/media\/7377"}],"wp:attachment":[{"href":"https:\/\/agora.xtec.cat\/ceip-santacreu-anglesola\/wp-json\/wp\/v2\/media?parent=7379"}],"wp:term":[{"taxonomy":"category","embeddable":true,"href":"https:\/\/agora.xtec.cat\/ceip-santacreu-anglesola\/wp-json\/wp\/v2\/categories?post=7379"},{"taxonomy":"post_tag","embeddable":true,"href":"https:\/\/agora.xtec.cat\/ceip-santacreu-anglesola\/wp-json\/wp\/v2\/tags?post=7379"}],"curies":[{"name":"wp","href":"https:\/\/api.w.org\/{rel}","templated":true}]}}