{"id":7360,"date":"2024-12-02T12:23:58","date_gmt":"2024-12-02T11:23:58","guid":{"rendered":"https:\/\/agora.xtec.cat\/ceip-santacreu-anglesola\/?p=7360"},"modified":"2024-12-02T16:06:05","modified_gmt":"2024-12-02T15:06:05","slug":"taller-de-reciclatge","status":"publish","type":"post","link":"https:\/\/agora.xtec.cat\/ceip-santacreu-anglesola\/general\/taller-de-reciclatge\/","title":{"rendered":"TALLER DE RECICLATGE"},"content":{"rendered":"<p><strong>TALLER DE DISSECCI\u00d3 DE RESIDUS<\/strong><\/p>\n<p>Aquest mati els alumnes de cicle mitj\u00e0 ( 3r i 4rt), hem realitzat un taller de reciclatge anomenat &#8220;<strong> Dissecci\u00f3 de residus<\/strong> &#8220;. Primer hem parlat de la import\u00e0ncia que t\u00e9 reciclar per al nostre planeta. Tamb\u00e9 hem visualitzat i comentat dels diferents contenidors de reciclatge que podem trobar al nostre poble i a l\u2019escola. Hem parlat dels diferents horaris dels dies de reciclatge del porta a porta a Anglesola. Ens han explicat b\u00e9 qu\u00e8 cal llen\u00e7ar a cada un d\u2019ells i a continuaci\u00f3, entre tots i totes, hem triat i classificat les deixalles d\u2019una bossa d\u2019escombraries per practicar-ho.<\/p>\n<p>Ha estat una activitat molt interessant i pr\u00e0ctica!<\/p>\n<p><a href=\"https:\/\/agora.xtec.cat\/ceip-santacreu-anglesola\/general\/taller-disseccio-residus\/\" target=\"_blank\" rel=\"noopener\"><img loading=\"lazy\" decoding=\"async\" class=\"alignnone wp-image-7361 size-full\" src=\"https:\/\/agora.xtec.cat\/ceip-santacreu-anglesola\/wp-content\/uploads\/usu483\/2024\/12\/images.png\" alt=\"\" width=\"283\" height=\"178\" \/><\/a><\/p>\n","protected":false},"excerpt":{"rendered":"<p>TALLER DE DISSECCI\u00d3 DE RESIDUS<br \/>\nAquest mati els alumnes de cicle mitj\u00e0 ( 3r i 4rt), hem realitzat un taller de reciclatge anomenat &#8220; Dissecci\u00f3 de residus &#8220;. Primer hem parlat de la import\u00e0ncia que t\u00e9 reciclar per al nostre planeta. Tamb\u00e9 hem visualitzat i comentat&hellip;  <a href=\"https:\/\/agora.xtec.cat\/ceip-santacreu-anglesola\/general\/taller-de-reciclatge\/\" title=\"Read TALLER DE RECICLATGE\">Llegeix m\u00e9s\u00bb<\/a><\/p>\n","protected":false},"author":1,"featured_media":7361,"comment_status":"open","ping_status":"closed","sticky":false,"template":"","format":"standard","meta":{"_bbp_topic_count":0,"_bbp_reply_count":0,"_bbp_total_topic_count":0,"_bbp_total_reply_count":0,"_bbp_voice_count":0,"_bbp_anonymous_reply_count":0,"_bbp_topic_count_hidden":0,"_bbp_reply_count_hidden":0,"_bbp_forum_subforum_count":0,"footnotes":""},"categories":[1,4],"tags":[],"class_list":["post-7360","post","type-post","status-publish","format-standard","has-post-thumbnail","hentry","category-general","category-portada"],"post_mailing_queue_ids":[],"_links":{"self":[{"href":"https:\/\/agora.xtec.cat\/ceip-santacreu-anglesola\/wp-json\/wp\/v2\/posts\/7360","targetHints":{"allow":["GET"]}}],"collection":[{"href":"https:\/\/agora.xtec.cat\/ceip-santacreu-anglesola\/wp-json\/wp\/v2\/posts"}],"about":[{"href":"https:\/\/agora.xtec.cat\/ceip-santacreu-anglesola\/wp-json\/wp\/v2\/types\/post"}],"author":[{"embeddable":true,"href":"https:\/\/agora.xtec.cat\/ceip-santacreu-anglesola\/wp-json\/wp\/v2\/users\/1"}],"replies":[{"embeddable":true,"href":"https:\/\/agora.xtec.cat\/ceip-santacreu-anglesola\/wp-json\/wp\/v2\/comments?post=7360"}],"version-history":[{"count":6,"href":"https:\/\/agora.xtec.cat\/ceip-santacreu-anglesola\/wp-json\/wp\/v2\/posts\/7360\/revisions"}],"predecessor-version":[{"id":7375,"href":"https:\/\/agora.xtec.cat\/ceip-santacreu-anglesola\/wp-json\/wp\/v2\/posts\/7360\/revisions\/7375"}],"wp:featuredmedia":[{"embeddable":true,"href":"https:\/\/agora.xtec.cat\/ceip-santacreu-anglesola\/wp-json\/wp\/v2\/media\/7361"}],"wp:attachment":[{"href":"https:\/\/agora.xtec.cat\/ceip-santacreu-anglesola\/wp-json\/wp\/v2\/media?parent=7360"}],"wp:term":[{"taxonomy":"category","embeddable":true,"href":"https:\/\/agora.xtec.cat\/ceip-santacreu-anglesola\/wp-json\/wp\/v2\/categories?post=7360"},{"taxonomy":"post_tag","embeddable":true,"href":"https:\/\/agora.xtec.cat\/ceip-santacreu-anglesola\/wp-json\/wp\/v2\/tags?post=7360"}],"curies":[{"name":"wp","href":"https:\/\/api.w.org\/{rel}","templated":true}]}}