{"id":7357,"date":"2024-11-28T19:36:13","date_gmt":"2024-11-28T18:36:13","guid":{"rendered":"https:\/\/agora.xtec.cat\/ceip-santacreu-anglesola\/?p=7357"},"modified":"2024-11-28T19:36:40","modified_gmt":"2024-11-28T18:36:40","slug":"titelles-per-nadal-al-museu-dhistoria-de-catalunya","status":"publish","type":"post","link":"https:\/\/agora.xtec.cat\/ceip-santacreu-anglesola\/portada\/titelles-per-nadal-al-museu-dhistoria-de-catalunya\/","title":{"rendered":"Titelles per Nadal al Museu d&#8217;Hist\u00f2ria de Catalunya"},"content":{"rendered":"<p>Una activitat per vacances pot ser anar a visitar algun museu. Us compartim aquesta informaci\u00f3 sobre activitats per al p\u00fablic infantil del Museu d&#8217;Hist\u00f2ria de Catalunya:<\/p>\n<p><a href=\"https:\/\/www.mhcat.cat\/activitats\/familiars_culturals\/activitats_infantils_i_familiars\/per_nadal_titelles_al_museu3\" target=\"_blank\" rel=\"noopener\"><img loading=\"lazy\" decoding=\"async\" class=\"alignnone\" src=\"https:\/\/external-content.duckduckgo.com\/iu\/?u=https%3A%2F%2Ftse4.mm.bing.net%2Fth%3Fid%3DOIP.rTFJECCItKiURHfQ6xeDsAAAAA%26pid%3DApi&amp;f=1&amp;ipt=9cda26d55e130358670979155431a5d59199f8c0456708e9ed38a17bfaa9f239&amp;ipo=images\" alt=\"EL JOVE PALEONT\u00d2LEG: Museus\" width=\"300\" height=\"205\" \/><\/a><\/p>\n<p>&nbsp;<\/p>\n","protected":false},"excerpt":{"rendered":"<p>Una activitat per vacances pot ser anar a visitar algun museu. Us compartim aquesta informaci\u00f3 sobre activitats per al p\u00fablic infantil del Museu d&#8217;Hist\u00f2ria de Catalunya:<br \/>\n<a href=\"https:\/\/www.mhcat.cat\/activitats\/familiars_culturals\/activitats_infantils_i_familiars\/per_nadal_titelles_al_museu3\" target=\"_blank\" rel=\"noopener\"><\/a><br \/>\n&nbsp;<\/p>\n","protected":false},"author":3,"featured_media":0,"comment_status":"open","ping_status":"closed","sticky":false,"template":"","format":"standard","meta":{"_bbp_topic_count":0,"_bbp_reply_count":0,"_bbp_total_topic_count":0,"_bbp_total_reply_count":0,"_bbp_voice_count":0,"_bbp_anonymous_reply_count":0,"_bbp_topic_count_hidden":0,"_bbp_reply_count_hidden":0,"_bbp_forum_subforum_count":0,"footnotes":""},"categories":[4,65],"tags":[],"class_list":["post-7357","post","type-post","status-publish","format-standard","hentry","category-portada","category-suggeriments"],"post_mailing_queue_ids":[],"_links":{"self":[{"href":"https:\/\/agora.xtec.cat\/ceip-santacreu-anglesola\/wp-json\/wp\/v2\/posts\/7357","targetHints":{"allow":["GET"]}}],"collection":[{"href":"https:\/\/agora.xtec.cat\/ceip-santacreu-anglesola\/wp-json\/wp\/v2\/posts"}],"about":[{"href":"https:\/\/agora.xtec.cat\/ceip-santacreu-anglesola\/wp-json\/wp\/v2\/types\/post"}],"author":[{"embeddable":true,"href":"https:\/\/agora.xtec.cat\/ceip-santacreu-anglesola\/wp-json\/wp\/v2\/users\/3"}],"replies":[{"embeddable":true,"href":"https:\/\/agora.xtec.cat\/ceip-santacreu-anglesola\/wp-json\/wp\/v2\/comments?post=7357"}],"version-history":[{"count":2,"href":"https:\/\/agora.xtec.cat\/ceip-santacreu-anglesola\/wp-json\/wp\/v2\/posts\/7357\/revisions"}],"predecessor-version":[{"id":7359,"href":"https:\/\/agora.xtec.cat\/ceip-santacreu-anglesola\/wp-json\/wp\/v2\/posts\/7357\/revisions\/7359"}],"wp:attachment":[{"href":"https:\/\/agora.xtec.cat\/ceip-santacreu-anglesola\/wp-json\/wp\/v2\/media?parent=7357"}],"wp:term":[{"taxonomy":"category","embeddable":true,"href":"https:\/\/agora.xtec.cat\/ceip-santacreu-anglesola\/wp-json\/wp\/v2\/categories?post=7357"},{"taxonomy":"post_tag","embeddable":true,"href":"https:\/\/agora.xtec.cat\/ceip-santacreu-anglesola\/wp-json\/wp\/v2\/tags?post=7357"}],"curies":[{"name":"wp","href":"https:\/\/api.w.org\/{rel}","templated":true}]}}