{"id":7347,"date":"2024-11-27T12:05:56","date_gmt":"2024-11-27T11:05:56","guid":{"rendered":"https:\/\/agora.xtec.cat\/ceip-santacreu-anglesola\/?p=7347"},"modified":"2024-11-27T12:09:28","modified_gmt":"2024-11-27T11:09:28","slug":"experimentem-a-sise-2","status":"publish","type":"post","link":"https:\/\/agora.xtec.cat\/ceip-santacreu-anglesola\/general\/experimentem-a-sise-2\/","title":{"rendered":"Experimentem a sis\u00e8"},"content":{"rendered":"<p>A l\u2019aula de sis\u00e8 hem estat un aut\u00e8ntics cient\u00edfics!! Dins de l\u2019\u00e0rea de medi natural, ens hem endinsat en el m\u00f3n de la mat\u00e8ria, els materials i les mescles. Per visualitzar millor aquests conceptes, hem dut a terme diversos experiments que ens han facilitat observar de primera m\u00e0 propietats com la massa, el volum i la densitat. Aix\u00ed mateix, tamb\u00e9 hem realitzat experiments que ens han perm\u00e8s presenciar reaccions qu\u00edmiques sorprenents. Van ser unes sessions molt din\u00e0miques, enriquidores i divertides!!<\/p>\n<p>Podeu veure algunes de les fotografies clicant a la imatge.<\/p>\n<p><a href=\"https:\/\/agora.xtec.cat\/ceip-santacreu-anglesola\/?p=7350&amp;preview=true\" target=\"_blank\" rel=\"noopener\"><img loading=\"lazy\" decoding=\"async\" class=\"aligncenter wp-image-7348 size-medium\" src=\"https:\/\/agora.xtec.cat\/ceip-santacreu-anglesola\/wp-content\/uploads\/usu483\/2024\/11\/how-to-experiment-astro-teller-1-1024x500-1-300x146.jpg\" alt=\"\" width=\"300\" height=\"146\" srcset=\"https:\/\/agora.xtec.cat\/ceip-santacreu-anglesola\/wp-content\/uploads\/usu483\/2024\/11\/how-to-experiment-astro-teller-1-1024x500-1-300x146.jpg 300w, https:\/\/agora.xtec.cat\/ceip-santacreu-anglesola\/wp-content\/uploads\/usu483\/2024\/11\/how-to-experiment-astro-teller-1-1024x500-1-768x375.jpg 768w, https:\/\/agora.xtec.cat\/ceip-santacreu-anglesola\/wp-content\/uploads\/usu483\/2024\/11\/how-to-experiment-astro-teller-1-1024x500-1.jpg 1024w\" sizes=\"auto, (max-width: 300px) 100vw, 300px\" \/><\/a><\/p>\n","protected":false},"excerpt":{"rendered":"<p>A l\u2019aula de sis\u00e8 hem estat un aut\u00e8ntics cient\u00edfics!! Dins de l\u2019\u00e0rea de medi natural, ens hem endinsat en el m\u00f3n de la mat\u00e8ria, els materials i les mescles. Per visualitzar millor aquests conceptes, hem dut a terme diversos experiments que ens han facilitat observar&hellip;  <a href=\"https:\/\/agora.xtec.cat\/ceip-santacreu-anglesola\/general\/experimentem-a-sise-2\/\" title=\"Read Experimentem a sis\u00e8\">Llegeix m\u00e9s\u00bb<\/a><\/p>\n","protected":false},"author":1,"featured_media":7348,"comment_status":"closed","ping_status":"closed","sticky":false,"template":"","format":"standard","meta":{"_bbp_topic_count":0,"_bbp_reply_count":0,"_bbp_total_topic_count":0,"_bbp_total_reply_count":0,"_bbp_voice_count":0,"_bbp_anonymous_reply_count":0,"_bbp_topic_count_hidden":0,"_bbp_reply_count_hidden":0,"_bbp_forum_subforum_count":0,"footnotes":""},"categories":[1,4],"tags":[],"class_list":["post-7347","post","type-post","status-publish","format-standard","has-post-thumbnail","hentry","category-general","category-portada"],"post_mailing_queue_ids":[],"_links":{"self":[{"href":"https:\/\/agora.xtec.cat\/ceip-santacreu-anglesola\/wp-json\/wp\/v2\/posts\/7347","targetHints":{"allow":["GET"]}}],"collection":[{"href":"https:\/\/agora.xtec.cat\/ceip-santacreu-anglesola\/wp-json\/wp\/v2\/posts"}],"about":[{"href":"https:\/\/agora.xtec.cat\/ceip-santacreu-anglesola\/wp-json\/wp\/v2\/types\/post"}],"author":[{"embeddable":true,"href":"https:\/\/agora.xtec.cat\/ceip-santacreu-anglesola\/wp-json\/wp\/v2\/users\/1"}],"replies":[{"embeddable":true,"href":"https:\/\/agora.xtec.cat\/ceip-santacreu-anglesola\/wp-json\/wp\/v2\/comments?post=7347"}],"version-history":[{"count":4,"href":"https:\/\/agora.xtec.cat\/ceip-santacreu-anglesola\/wp-json\/wp\/v2\/posts\/7347\/revisions"}],"predecessor-version":[{"id":7355,"href":"https:\/\/agora.xtec.cat\/ceip-santacreu-anglesola\/wp-json\/wp\/v2\/posts\/7347\/revisions\/7355"}],"wp:featuredmedia":[{"embeddable":true,"href":"https:\/\/agora.xtec.cat\/ceip-santacreu-anglesola\/wp-json\/wp\/v2\/media\/7348"}],"wp:attachment":[{"href":"https:\/\/agora.xtec.cat\/ceip-santacreu-anglesola\/wp-json\/wp\/v2\/media?parent=7347"}],"wp:term":[{"taxonomy":"category","embeddable":true,"href":"https:\/\/agora.xtec.cat\/ceip-santacreu-anglesola\/wp-json\/wp\/v2\/categories?post=7347"},{"taxonomy":"post_tag","embeddable":true,"href":"https:\/\/agora.xtec.cat\/ceip-santacreu-anglesola\/wp-json\/wp\/v2\/tags?post=7347"}],"curies":[{"name":"wp","href":"https:\/\/api.w.org\/{rel}","templated":true}]}}