{"id":7303,"date":"2024-11-15T18:00:36","date_gmt":"2024-11-15T17:00:36","guid":{"rendered":"https:\/\/agora.xtec.cat\/ceip-santacreu-anglesola\/?p=7303"},"modified":"2024-11-15T18:00:36","modified_gmt":"2024-11-15T17:00:36","slug":"simulacre-dincendi-a-lescola-5","status":"publish","type":"post","link":"https:\/\/agora.xtec.cat\/ceip-santacreu-anglesola\/general\/simulacre-dincendi-a-lescola-5\/","title":{"rendered":"SIMULACRE D&#8217;INCENDI A L&#8217;ESCOLA"},"content":{"rendered":"<p>Un curs m\u00e9s, i seguint les indicacions del Departament d\u2019Educaci\u00f3, durant el mes de novembre, s\u2019ha realitzat el simulacre en cas d\u2019incendi a l\u2019escola. Cada curs es realitza per tal que alumnat, docents i tot el personal que conviu a l\u2019escola, conegui el pla d\u2019emerg\u00e8ncia del centre.<\/p>\n<p>Hem simulat que hi havia un foc a la primera planta de l\u2019edifici. Hem pogut gaudir del servei dels bombers de T\u00e0rrega, que ens han ajudat a sortir de l&#8217;edifici. Tamb\u00e9 ens han donat unes pautes i ens han dit aspectes a millorar.<\/p>\n<p>El resultat i els temps de sortida han estat bons. El confinament i l\u2019evacuaci\u00f3 s\u2019han dut a terme sense incid\u00e8ncies i amb molt bona col\u00b7laboraci\u00f3 per part de tot el personal.<\/p>\n<p>La finalitat de la pr\u00e0ctica \u00e9s observar i valorar la reacci\u00f3 i resposta de les persones que ocupen el centre davant d\u2019una situaci\u00f3 d\u2019emerg\u00e8ncia.<\/p>\n<p>Cliqueu a la imatge per veure les fotografies:<\/p>\n<p><a href=\"https:\/\/agora.xtec.cat\/ceip-santacreu-anglesola\/general\/simulacre-dincendi-a-lescola-4\/\" target=\"_blank\" rel=\"noopener\"><img loading=\"lazy\" decoding=\"async\" class=\"aligncenter wp-image-7304\" src=\"https:\/\/agora.xtec.cat\/ceip-santacreu-anglesola\/wp-content\/uploads\/usu483\/2024\/11\/20241114_10205211-300x135.jpg\" alt=\"\" width=\"369\" height=\"166\" srcset=\"https:\/\/agora.xtec.cat\/ceip-santacreu-anglesola\/wp-content\/uploads\/usu483\/2024\/11\/20241114_10205211-300x135.jpg 300w, https:\/\/agora.xtec.cat\/ceip-santacreu-anglesola\/wp-content\/uploads\/usu483\/2024\/11\/20241114_10205211-1024x461.jpg 1024w, https:\/\/agora.xtec.cat\/ceip-santacreu-anglesola\/wp-content\/uploads\/usu483\/2024\/11\/20241114_10205211-768x346.jpg 768w, https:\/\/agora.xtec.cat\/ceip-santacreu-anglesola\/wp-content\/uploads\/usu483\/2024\/11\/20241114_10205211.jpg 1451w\" sizes=\"auto, (max-width: 369px) 100vw, 369px\" \/><\/a><\/p>\n","protected":false},"excerpt":{"rendered":"<p>Un curs m\u00e9s, i seguint les indicacions del Departament d\u2019Educaci\u00f3, durant el mes de novembre, s\u2019ha realitzat el simulacre en cas d\u2019incendi a l\u2019escola. Cada curs es realitza per tal que alumnat, docents i tot el personal que conviu a l\u2019escola, conegui el pla d\u2019emerg\u00e8ncia&hellip;  <a href=\"https:\/\/agora.xtec.cat\/ceip-santacreu-anglesola\/general\/simulacre-dincendi-a-lescola-5\/\" title=\"Read SIMULACRE D&#8217;INCENDI A L&#8217;ESCOLA\">Llegeix m\u00e9s\u00bb<\/a><\/p>\n","protected":false},"author":16,"featured_media":7304,"comment_status":"open","ping_status":"closed","sticky":false,"template":"","format":"standard","meta":{"_bbp_topic_count":0,"_bbp_reply_count":0,"_bbp_total_topic_count":0,"_bbp_total_reply_count":0,"_bbp_voice_count":0,"_bbp_anonymous_reply_count":0,"_bbp_topic_count_hidden":0,"_bbp_reply_count_hidden":0,"_bbp_forum_subforum_count":0,"footnotes":""},"categories":[1,4],"tags":[],"class_list":["post-7303","post","type-post","status-publish","format-standard","has-post-thumbnail","hentry","category-general","category-portada"],"post_mailing_queue_ids":[],"_links":{"self":[{"href":"https:\/\/agora.xtec.cat\/ceip-santacreu-anglesola\/wp-json\/wp\/v2\/posts\/7303","targetHints":{"allow":["GET"]}}],"collection":[{"href":"https:\/\/agora.xtec.cat\/ceip-santacreu-anglesola\/wp-json\/wp\/v2\/posts"}],"about":[{"href":"https:\/\/agora.xtec.cat\/ceip-santacreu-anglesola\/wp-json\/wp\/v2\/types\/post"}],"author":[{"embeddable":true,"href":"https:\/\/agora.xtec.cat\/ceip-santacreu-anglesola\/wp-json\/wp\/v2\/users\/16"}],"replies":[{"embeddable":true,"href":"https:\/\/agora.xtec.cat\/ceip-santacreu-anglesola\/wp-json\/wp\/v2\/comments?post=7303"}],"version-history":[{"count":6,"href":"https:\/\/agora.xtec.cat\/ceip-santacreu-anglesola\/wp-json\/wp\/v2\/posts\/7303\/revisions"}],"predecessor-version":[{"id":7315,"href":"https:\/\/agora.xtec.cat\/ceip-santacreu-anglesola\/wp-json\/wp\/v2\/posts\/7303\/revisions\/7315"}],"wp:featuredmedia":[{"embeddable":true,"href":"https:\/\/agora.xtec.cat\/ceip-santacreu-anglesola\/wp-json\/wp\/v2\/media\/7304"}],"wp:attachment":[{"href":"https:\/\/agora.xtec.cat\/ceip-santacreu-anglesola\/wp-json\/wp\/v2\/media?parent=7303"}],"wp:term":[{"taxonomy":"category","embeddable":true,"href":"https:\/\/agora.xtec.cat\/ceip-santacreu-anglesola\/wp-json\/wp\/v2\/categories?post=7303"},{"taxonomy":"post_tag","embeddable":true,"href":"https:\/\/agora.xtec.cat\/ceip-santacreu-anglesola\/wp-json\/wp\/v2\/tags?post=7303"}],"curies":[{"name":"wp","href":"https:\/\/api.w.org\/{rel}","templated":true}]}}