{"id":7298,"date":"2024-11-15T19:09:48","date_gmt":"2024-11-15T18:09:48","guid":{"rendered":"https:\/\/agora.xtec.cat\/ceip-santacreu-anglesola\/?p=7298"},"modified":"2024-11-15T20:55:20","modified_gmt":"2024-11-15T19:55:20","slug":"plantem-lhort-2","status":"publish","type":"post","link":"https:\/\/agora.xtec.cat\/ceip-santacreu-anglesola\/general\/plantem-lhort-2\/","title":{"rendered":"PLANTEM L&#8217;HORT"},"content":{"rendered":"<p>Aquest mes de novembre, els alumnes de cicle mitj\u00e0 ens hem organitzat en petits grups de treball i hem participat en diferents tasques per plantar l\u2019hort d\u2019hivern. Hem plantat diverses hortalisses (enciams, espinacs, cebes) i tamb\u00e9 plantes arom\u00e0tiques (roman\u00ed, s\u00e0lvia, tim\u00f3, menta i menta llimonera)<\/p>\n<p>Primer vam agafar les eines per remoure i barrejar la terra dels palots. Despr\u00e9s hi vam afegir terra per airejar-la. Seguidament vam posar-hi el planter amb molta cura. I, per acabar, el vam regar.<\/p>\n<p>Ens ha agradat molt participar d\u2019aquesta tasca, ja que aquesta activitat ens aporta molts aprenentatges i desenvolupament de compet\u00e8ncies per a la vida, alhora que ens permet assumir responsabilitats com: adquirir autonomia en les tasques de l\u2019hort, manteniment, seguiment del creixement de les plantes i promoure la consci\u00e8ncia de cura pel medi ambient. Aquest projecte tamb\u00e9 ens ajuda a fomentar valors com el comprom\u00eds, la paci\u00e8ncia i el gaudi del treball en equip.<\/p>\n<p>Ara, ens toca ser responsables i tenir-ne cura fins a l\u2019\u00e8poca de la recol\u00b7lecci\u00f3.<\/p>\n<p>Cliqueu damunt de la imatge per veure les fotografies.<\/p>\n<p><a href=\"https:\/\/agora.xtec.cat\/ceip-santacreu-anglesola\/?p=7324&amp;preview=true\" target=\"_blank\" rel=\"noopener\"><img loading=\"lazy\" decoding=\"async\" class=\"aligncenter wp-image-7301\" src=\"https:\/\/agora.xtec.cat\/ceip-santacreu-anglesola\/wp-content\/uploads\/usu483\/2024\/11\/verduras-que-crecen-jardin-sobre-fondo-blanco_1308-43811-1-300x242.jpg\" alt=\"\" width=\"226\" height=\"182\" srcset=\"https:\/\/agora.xtec.cat\/ceip-santacreu-anglesola\/wp-content\/uploads\/usu483\/2024\/11\/verduras-que-crecen-jardin-sobre-fondo-blanco_1308-43811-1-300x242.jpg 300w, https:\/\/agora.xtec.cat\/ceip-santacreu-anglesola\/wp-content\/uploads\/usu483\/2024\/11\/verduras-que-crecen-jardin-sobre-fondo-blanco_1308-43811-1.jpg 740w\" sizes=\"auto, (max-width: 226px) 100vw, 226px\" \/><\/a><\/p>\n","protected":false},"excerpt":{"rendered":"<p>Aquest mes de novembre, els alumnes de cicle mitj\u00e0 ens hem organitzat en petits grups de treball i hem participat en diferents tasques per plantar l\u2019hort d\u2019hivern. Hem plantat diverses hortalisses (enciams, espinacs, cebes) i tamb\u00e9 plantes arom\u00e0tiques (roman\u00ed, s\u00e0lvia, tim\u00f3, menta i menta llimonera)<br \/>\nPrimer&hellip;  <a href=\"https:\/\/agora.xtec.cat\/ceip-santacreu-anglesola\/general\/plantem-lhort-2\/\" title=\"Read PLANTEM L&#8217;HORT\">Llegeix m\u00e9s\u00bb<\/a><\/p>\n","protected":false},"author":16,"featured_media":7301,"comment_status":"open","ping_status":"closed","sticky":false,"template":"","format":"standard","meta":{"_bbp_topic_count":0,"_bbp_reply_count":0,"_bbp_total_topic_count":0,"_bbp_total_reply_count":0,"_bbp_voice_count":0,"_bbp_anonymous_reply_count":0,"_bbp_topic_count_hidden":0,"_bbp_reply_count_hidden":0,"_bbp_forum_subforum_count":0,"footnotes":""},"categories":[1,4],"tags":[],"class_list":["post-7298","post","type-post","status-publish","format-standard","has-post-thumbnail","hentry","category-general","category-portada"],"post_mailing_queue_ids":[],"_links":{"self":[{"href":"https:\/\/agora.xtec.cat\/ceip-santacreu-anglesola\/wp-json\/wp\/v2\/posts\/7298","targetHints":{"allow":["GET"]}}],"collection":[{"href":"https:\/\/agora.xtec.cat\/ceip-santacreu-anglesola\/wp-json\/wp\/v2\/posts"}],"about":[{"href":"https:\/\/agora.xtec.cat\/ceip-santacreu-anglesola\/wp-json\/wp\/v2\/types\/post"}],"author":[{"embeddable":true,"href":"https:\/\/agora.xtec.cat\/ceip-santacreu-anglesola\/wp-json\/wp\/v2\/users\/16"}],"replies":[{"embeddable":true,"href":"https:\/\/agora.xtec.cat\/ceip-santacreu-anglesola\/wp-json\/wp\/v2\/comments?post=7298"}],"version-history":[{"count":7,"href":"https:\/\/agora.xtec.cat\/ceip-santacreu-anglesola\/wp-json\/wp\/v2\/posts\/7298\/revisions"}],"predecessor-version":[{"id":7329,"href":"https:\/\/agora.xtec.cat\/ceip-santacreu-anglesola\/wp-json\/wp\/v2\/posts\/7298\/revisions\/7329"}],"wp:featuredmedia":[{"embeddable":true,"href":"https:\/\/agora.xtec.cat\/ceip-santacreu-anglesola\/wp-json\/wp\/v2\/media\/7301"}],"wp:attachment":[{"href":"https:\/\/agora.xtec.cat\/ceip-santacreu-anglesola\/wp-json\/wp\/v2\/media?parent=7298"}],"wp:term":[{"taxonomy":"category","embeddable":true,"href":"https:\/\/agora.xtec.cat\/ceip-santacreu-anglesola\/wp-json\/wp\/v2\/categories?post=7298"},{"taxonomy":"post_tag","embeddable":true,"href":"https:\/\/agora.xtec.cat\/ceip-santacreu-anglesola\/wp-json\/wp\/v2\/tags?post=7298"}],"curies":[{"name":"wp","href":"https:\/\/api.w.org\/{rel}","templated":true}]}}