{"id":7296,"date":"2024-11-14T20:21:05","date_gmt":"2024-11-14T19:21:05","guid":{"rendered":"https:\/\/agora.xtec.cat\/ceip-santacreu-anglesola\/?p=7296"},"modified":"2024-11-14T20:21:05","modified_gmt":"2024-11-14T19:21:05","slug":"hora-del-conte-a-la-biblioteca-de-tarrega","status":"publish","type":"post","link":"https:\/\/agora.xtec.cat\/ceip-santacreu-anglesola\/portada\/hora-del-conte-a-la-biblioteca-de-tarrega\/","title":{"rendered":"Hora del conte a la Biblioteca de T\u00e0rrega"},"content":{"rendered":"<p>Aquest dissabte 16 de novembre tindr\u00e0 lloc L\u2019Hora del Conte a la Biblioteca de T\u00e0rrega. Aqu\u00ed us en detallem la informaci\u00f3:<br \/>\nConte: LA GALLINA JOSEFINA<br \/>\nA c\u00e0rrec de MONTSE PELFORT<br \/>\n2\/4 de 12 migdia | Biblioteca Germanes G\u00fcell | Activitat<br \/>\nfamiliar i gratu\u00efta. Adre\u00e7at a nens i nenes a partir de 4<br \/>\nanys. Inscripci\u00f3 al 973 500 428<\/p>\n","protected":false},"excerpt":{"rendered":"<p>Aquest dissabte 16 de novembre tindr\u00e0 lloc L\u2019Hora del Conte a la Biblioteca de T\u00e0rrega. Aqu\u00ed us en detallem la informaci\u00f3:<br \/>\nConte: LA GALLINA JOSEFINA<br \/>\nA c\u00e0rrec de MONTSE PELFORT<br \/>\n2\/4 de 12 migdia | Biblioteca Germanes G\u00fcell | Activitat<br \/>\nfamiliar i gratu\u00efta. Adre\u00e7at a nens i nenes a&hellip;  <a href=\"https:\/\/agora.xtec.cat\/ceip-santacreu-anglesola\/portada\/hora-del-conte-a-la-biblioteca-de-tarrega\/\" title=\"Read Hora del conte a la Biblioteca de T\u00e0rrega\">Llegeix m\u00e9s\u00bb<\/a><\/p>\n","protected":false},"author":3,"featured_media":0,"comment_status":"open","ping_status":"closed","sticky":false,"template":"","format":"standard","meta":{"_bbp_topic_count":0,"_bbp_reply_count":0,"_bbp_total_topic_count":0,"_bbp_total_reply_count":0,"_bbp_voice_count":0,"_bbp_anonymous_reply_count":0,"_bbp_topic_count_hidden":0,"_bbp_reply_count_hidden":0,"_bbp_forum_subforum_count":0,"footnotes":""},"categories":[4,65],"tags":[],"class_list":["post-7296","post","type-post","status-publish","format-standard","hentry","category-portada","category-suggeriments"],"post_mailing_queue_ids":[],"_links":{"self":[{"href":"https:\/\/agora.xtec.cat\/ceip-santacreu-anglesola\/wp-json\/wp\/v2\/posts\/7296","targetHints":{"allow":["GET"]}}],"collection":[{"href":"https:\/\/agora.xtec.cat\/ceip-santacreu-anglesola\/wp-json\/wp\/v2\/posts"}],"about":[{"href":"https:\/\/agora.xtec.cat\/ceip-santacreu-anglesola\/wp-json\/wp\/v2\/types\/post"}],"author":[{"embeddable":true,"href":"https:\/\/agora.xtec.cat\/ceip-santacreu-anglesola\/wp-json\/wp\/v2\/users\/3"}],"replies":[{"embeddable":true,"href":"https:\/\/agora.xtec.cat\/ceip-santacreu-anglesola\/wp-json\/wp\/v2\/comments?post=7296"}],"version-history":[{"count":1,"href":"https:\/\/agora.xtec.cat\/ceip-santacreu-anglesola\/wp-json\/wp\/v2\/posts\/7296\/revisions"}],"predecessor-version":[{"id":7297,"href":"https:\/\/agora.xtec.cat\/ceip-santacreu-anglesola\/wp-json\/wp\/v2\/posts\/7296\/revisions\/7297"}],"wp:attachment":[{"href":"https:\/\/agora.xtec.cat\/ceip-santacreu-anglesola\/wp-json\/wp\/v2\/media?parent=7296"}],"wp:term":[{"taxonomy":"category","embeddable":true,"href":"https:\/\/agora.xtec.cat\/ceip-santacreu-anglesola\/wp-json\/wp\/v2\/categories?post=7296"},{"taxonomy":"post_tag","embeddable":true,"href":"https:\/\/agora.xtec.cat\/ceip-santacreu-anglesola\/wp-json\/wp\/v2\/tags?post=7296"}],"curies":[{"name":"wp","href":"https:\/\/api.w.org\/{rel}","templated":true}]}}