{"id":7293,"date":"2024-11-14T20:13:34","date_gmt":"2024-11-14T19:13:34","guid":{"rendered":"https:\/\/agora.xtec.cat\/ceip-santacreu-anglesola\/?p=7293"},"modified":"2024-11-14T20:14:01","modified_gmt":"2024-11-14T19:14:01","slug":"cicle-de-teatre-infantil-de-fundacio-la-xarxa","status":"publish","type":"post","link":"https:\/\/agora.xtec.cat\/ceip-santacreu-anglesola\/portada\/cicle-de-teatre-infantil-de-fundacio-la-xarxa\/","title":{"rendered":"Cicle de Teatre Infantil de Fundaci\u00f3 la Xarxa"},"content":{"rendered":"<p>Us compartim informaci\u00f3 del proper espectacle teatral que tindr\u00e0 lloc el diumenge 17 de novembre, per si pot ser del vostre inter\u00e8s.<\/p>\n<p>&nbsp;<\/p>\n<p><a href=\"https:\/\/www.tarrega.cat\/cultura-participacio-habitatge\/esdeveniments\/teatre-infantil-la-xarxa?utm_source=newsletter&amp;utm_medium=email&amp;utm_campaign=mon_pare_cremava_pedres&amp;utm_term=2024-11-14\"><img loading=\"lazy\" decoding=\"async\" class=\"alignnone\" src=\"https:\/\/www.femturisme.cat\/_fotos\/establiments\/general\/11592-01-logo.jpg\" alt=\"\" width=\"354\" height=\"236\" \/><\/a><\/p>\n","protected":false},"excerpt":{"rendered":"<p>Us compartim informaci\u00f3 del proper espectacle teatral que tindr\u00e0 lloc el diumenge 17 de novembre, per si pot ser del vostre inter\u00e8s.<br \/>\n&nbsp;<br \/>\n<a href=\"https:\/\/www.tarrega.cat\/cultura-participacio-habitatge\/esdeveniments\/teatre-infantil-la-xarxa?utm_source=newsletter&amp;utm_medium=email&amp;utm_campaign=mon_pare_cremava_pedres&amp;utm_term=2024-11-14\"><\/a><\/p>\n","protected":false},"author":3,"featured_media":0,"comment_status":"open","ping_status":"closed","sticky":false,"template":"","format":"standard","meta":{"_bbp_topic_count":0,"_bbp_reply_count":0,"_bbp_total_topic_count":0,"_bbp_total_reply_count":0,"_bbp_voice_count":0,"_bbp_anonymous_reply_count":0,"_bbp_topic_count_hidden":0,"_bbp_reply_count_hidden":0,"_bbp_forum_subforum_count":0,"footnotes":""},"categories":[4,65],"tags":[],"class_list":["post-7293","post","type-post","status-publish","format-standard","hentry","category-portada","category-suggeriments"],"post_mailing_queue_ids":[],"_links":{"self":[{"href":"https:\/\/agora.xtec.cat\/ceip-santacreu-anglesola\/wp-json\/wp\/v2\/posts\/7293","targetHints":{"allow":["GET"]}}],"collection":[{"href":"https:\/\/agora.xtec.cat\/ceip-santacreu-anglesola\/wp-json\/wp\/v2\/posts"}],"about":[{"href":"https:\/\/agora.xtec.cat\/ceip-santacreu-anglesola\/wp-json\/wp\/v2\/types\/post"}],"author":[{"embeddable":true,"href":"https:\/\/agora.xtec.cat\/ceip-santacreu-anglesola\/wp-json\/wp\/v2\/users\/3"}],"replies":[{"embeddable":true,"href":"https:\/\/agora.xtec.cat\/ceip-santacreu-anglesola\/wp-json\/wp\/v2\/comments?post=7293"}],"version-history":[{"count":2,"href":"https:\/\/agora.xtec.cat\/ceip-santacreu-anglesola\/wp-json\/wp\/v2\/posts\/7293\/revisions"}],"predecessor-version":[{"id":7295,"href":"https:\/\/agora.xtec.cat\/ceip-santacreu-anglesola\/wp-json\/wp\/v2\/posts\/7293\/revisions\/7295"}],"wp:attachment":[{"href":"https:\/\/agora.xtec.cat\/ceip-santacreu-anglesola\/wp-json\/wp\/v2\/media?parent=7293"}],"wp:term":[{"taxonomy":"category","embeddable":true,"href":"https:\/\/agora.xtec.cat\/ceip-santacreu-anglesola\/wp-json\/wp\/v2\/categories?post=7293"},{"taxonomy":"post_tag","embeddable":true,"href":"https:\/\/agora.xtec.cat\/ceip-santacreu-anglesola\/wp-json\/wp\/v2\/tags?post=7293"}],"curies":[{"name":"wp","href":"https:\/\/api.w.org\/{rel}","templated":true}]}}