{"id":7286,"date":"2024-11-13T16:40:04","date_gmt":"2024-11-13T15:40:04","guid":{"rendered":"https:\/\/agora.xtec.cat\/ceip-santacreu-anglesola\/?p=7286"},"modified":"2024-11-13T16:40:04","modified_gmt":"2024-11-13T15:40:04","slug":"taller-de-primers-auxilis","status":"publish","type":"post","link":"https:\/\/agora.xtec.cat\/ceip-santacreu-anglesola\/general\/taller-de-primers-auxilis\/","title":{"rendered":"TALLER DE PRIMERS AUXILIS"},"content":{"rendered":"<p>Avui dimecres 13 de novembre ens han vingut a fer un taller sobre primers auxilis a cicle superior. Ens han explicat com realitzar maniobres b\u00e0siques en cas de trobar una persona inconscient, en cas d&#8217;ennuegament&#8230; i ho hem pogut practicar amb els maniquins que portava la infermera. Ha estat un taller molt important en el qual hem apr\u00e8s coses que ens poden servir en moments vitals. Hem gaudit molt i li donem les gr\u00e0cies a la S\u00edlvia.<\/p>\n<p><a href=\"https:\/\/agora.xtec.cat\/ceip-santacreu-anglesola\/?p=7290&amp;preview=true\" target=\"_blank\" rel=\"noopener\"><img loading=\"lazy\" decoding=\"async\" class=\"aligncenter\" src=\"https:\/\/www.elvallenc.cat\/wp-content\/uploads\/2022\/03\/9666.jpg\" alt=\"Coneix aquestes nocions b\u00e0siques de primers auxilis - El Vallenc\" width=\"260\" height=\"231\" \/><\/a><\/p>\n","protected":false},"excerpt":{"rendered":"<p>Avui dimecres 13 de novembre ens han vingut a fer un taller sobre primers auxilis a cicle superior. Ens han explicat com realitzar maniobres b\u00e0siques en cas de trobar una persona inconscient, en cas d&#8217;ennuegament&#8230; i ho hem pogut practicar amb els maniquins que portava&hellip;  <a href=\"https:\/\/agora.xtec.cat\/ceip-santacreu-anglesola\/general\/taller-de-primers-auxilis\/\" title=\"Read TALLER DE PRIMERS AUXILIS\">Llegeix m\u00e9s\u00bb<\/a><\/p>\n","protected":false},"author":44,"featured_media":7289,"comment_status":"closed","ping_status":"closed","sticky":false,"template":"","format":"standard","meta":{"_bbp_topic_count":0,"_bbp_reply_count":0,"_bbp_total_topic_count":0,"_bbp_total_reply_count":0,"_bbp_voice_count":0,"_bbp_anonymous_reply_count":0,"_bbp_topic_count_hidden":0,"_bbp_reply_count_hidden":0,"_bbp_forum_subforum_count":0,"footnotes":""},"categories":[1,4],"tags":[],"class_list":["post-7286","post","type-post","status-publish","format-standard","has-post-thumbnail","hentry","category-general","category-portada"],"post_mailing_queue_ids":[],"_links":{"self":[{"href":"https:\/\/agora.xtec.cat\/ceip-santacreu-anglesola\/wp-json\/wp\/v2\/posts\/7286","targetHints":{"allow":["GET"]}}],"collection":[{"href":"https:\/\/agora.xtec.cat\/ceip-santacreu-anglesola\/wp-json\/wp\/v2\/posts"}],"about":[{"href":"https:\/\/agora.xtec.cat\/ceip-santacreu-anglesola\/wp-json\/wp\/v2\/types\/post"}],"author":[{"embeddable":true,"href":"https:\/\/agora.xtec.cat\/ceip-santacreu-anglesola\/wp-json\/wp\/v2\/users\/44"}],"replies":[{"embeddable":true,"href":"https:\/\/agora.xtec.cat\/ceip-santacreu-anglesola\/wp-json\/wp\/v2\/comments?post=7286"}],"version-history":[{"count":1,"href":"https:\/\/agora.xtec.cat\/ceip-santacreu-anglesola\/wp-json\/wp\/v2\/posts\/7286\/revisions"}],"predecessor-version":[{"id":7291,"href":"https:\/\/agora.xtec.cat\/ceip-santacreu-anglesola\/wp-json\/wp\/v2\/posts\/7286\/revisions\/7291"}],"wp:featuredmedia":[{"embeddable":true,"href":"https:\/\/agora.xtec.cat\/ceip-santacreu-anglesola\/wp-json\/wp\/v2\/media\/7289"}],"wp:attachment":[{"href":"https:\/\/agora.xtec.cat\/ceip-santacreu-anglesola\/wp-json\/wp\/v2\/media?parent=7286"}],"wp:term":[{"taxonomy":"category","embeddable":true,"href":"https:\/\/agora.xtec.cat\/ceip-santacreu-anglesola\/wp-json\/wp\/v2\/categories?post=7286"},{"taxonomy":"post_tag","embeddable":true,"href":"https:\/\/agora.xtec.cat\/ceip-santacreu-anglesola\/wp-json\/wp\/v2\/tags?post=7286"}],"curies":[{"name":"wp","href":"https:\/\/api.w.org\/{rel}","templated":true}]}}