{"id":7267,"date":"2024-11-11T12:07:31","date_gmt":"2024-11-11T11:07:31","guid":{"rendered":"https:\/\/agora.xtec.cat\/ceip-santacreu-anglesola\/?p=7267"},"modified":"2024-11-12T12:41:43","modified_gmt":"2024-11-12T11:41:43","slug":"taller-prevenir-lassetjament","status":"publish","type":"post","link":"https:\/\/agora.xtec.cat\/ceip-santacreu-anglesola\/general\/taller-prevenir-lassetjament\/","title":{"rendered":"Taller Prevenir l&#8217;assetjament"},"content":{"rendered":"<p>Els alumnes de 3r, vam tenir la visita de l&#8217;Encarna, la Mossa d&#8217;Esquadra de la Comissaria de T\u00e0rrega,\u00a0 ens va fer un taller anomenat &#8221; Prevenir l&#8217;assejament entre iguals &#8220;.<\/p>\n<p>Entre tots vam reflexionar sobre un fet molt actual i real, a les aules de les escoles sobre el concepte del bullying. Vam visionar un fragment de la pel.l\u00edcula Wonder, que va ser una eina per fer-nos identificar quins rols\u00a0 ens podem trobar a la realitat, com a\u00a0 v\u00edctimes, testimonis o companys de l&#8217;assetjador i el m\u00e9s importantant com poder actuar per tal de resoldre els petits conflictes per a que no siguin m\u00e9s grans. La nostra sorpresa va ser quan l&#8217;Encarna ens va comunicar que aquests comportaments es poden denunciar als Mossos d&#8217;Esquadra perqu\u00e8 s\u00f3n delictes tipificats.<\/p>\n<p>Va ser un mat\u00ed molt divertit on vam aprendre moltes coses.<br \/>\n<a href=\"https:\/\/agora.xtec.cat\/ceip-santacreu-anglesola\/general\/taller-de-respecte\/\" target=\"_blank\" rel=\"noopener\"><img loading=\"lazy\" decoding=\"async\" class=\"alignnone wp-image-7271 size-full\" src=\"https:\/\/agora.xtec.cat\/ceip-santacreu-anglesola\/wp-content\/uploads\/usu483\/2024\/11\/images-2.jpg\" alt=\"\" width=\"188\" height=\"268\" \/><\/a><\/p>\n","protected":false},"excerpt":{"rendered":"<p>Els alumnes de 3r, vam tenir la visita de l&#8217;Encarna, la Mossa d&#8217;Esquadra de la Comissaria de T\u00e0rrega,\u00a0 ens va fer un taller anomenat &#8221; Prevenir l&#8217;assejament entre iguals &#8220;.<br \/>\nEntre tots vam reflexionar sobre un fet molt actual i real, a les aules de les&hellip;  <a href=\"https:\/\/agora.xtec.cat\/ceip-santacreu-anglesola\/general\/taller-prevenir-lassetjament\/\" title=\"Read Taller Prevenir l&#8217;assetjament\">Llegeix m\u00e9s\u00bb<\/a><\/p>\n","protected":false},"author":1,"featured_media":7271,"comment_status":"open","ping_status":"closed","sticky":false,"template":"","format":"standard","meta":{"_bbp_topic_count":0,"_bbp_reply_count":0,"_bbp_total_topic_count":0,"_bbp_total_reply_count":0,"_bbp_voice_count":0,"_bbp_anonymous_reply_count":0,"_bbp_topic_count_hidden":0,"_bbp_reply_count_hidden":0,"_bbp_forum_subforum_count":0,"footnotes":""},"categories":[1,4],"tags":[],"class_list":["post-7267","post","type-post","status-publish","format-standard","has-post-thumbnail","hentry","category-general","category-portada"],"post_mailing_queue_ids":[],"_links":{"self":[{"href":"https:\/\/agora.xtec.cat\/ceip-santacreu-anglesola\/wp-json\/wp\/v2\/posts\/7267","targetHints":{"allow":["GET"]}}],"collection":[{"href":"https:\/\/agora.xtec.cat\/ceip-santacreu-anglesola\/wp-json\/wp\/v2\/posts"}],"about":[{"href":"https:\/\/agora.xtec.cat\/ceip-santacreu-anglesola\/wp-json\/wp\/v2\/types\/post"}],"author":[{"embeddable":true,"href":"https:\/\/agora.xtec.cat\/ceip-santacreu-anglesola\/wp-json\/wp\/v2\/users\/1"}],"replies":[{"embeddable":true,"href":"https:\/\/agora.xtec.cat\/ceip-santacreu-anglesola\/wp-json\/wp\/v2\/comments?post=7267"}],"version-history":[{"count":4,"href":"https:\/\/agora.xtec.cat\/ceip-santacreu-anglesola\/wp-json\/wp\/v2\/posts\/7267\/revisions"}],"predecessor-version":[{"id":7282,"href":"https:\/\/agora.xtec.cat\/ceip-santacreu-anglesola\/wp-json\/wp\/v2\/posts\/7267\/revisions\/7282"}],"wp:featuredmedia":[{"embeddable":true,"href":"https:\/\/agora.xtec.cat\/ceip-santacreu-anglesola\/wp-json\/wp\/v2\/media\/7271"}],"wp:attachment":[{"href":"https:\/\/agora.xtec.cat\/ceip-santacreu-anglesola\/wp-json\/wp\/v2\/media?parent=7267"}],"wp:term":[{"taxonomy":"category","embeddable":true,"href":"https:\/\/agora.xtec.cat\/ceip-santacreu-anglesola\/wp-json\/wp\/v2\/categories?post=7267"},{"taxonomy":"post_tag","embeddable":true,"href":"https:\/\/agora.xtec.cat\/ceip-santacreu-anglesola\/wp-json\/wp\/v2\/tags?post=7267"}],"curies":[{"name":"wp","href":"https:\/\/api.w.org\/{rel}","templated":true}]}}