{"id":7242,"date":"2024-11-07T21:57:28","date_gmt":"2024-11-07T20:57:28","guid":{"rendered":"https:\/\/agora.xtec.cat\/ceip-santacreu-anglesola\/?p=7242"},"modified":"2024-11-08T07:39:48","modified_gmt":"2024-11-08T06:39:48","slug":"taller-per-prevenir-lassetjament-escolar-a-carrec-dels-mossos-a-quart-de-primaria","status":"publish","type":"post","link":"https:\/\/agora.xtec.cat\/ceip-santacreu-anglesola\/general\/taller-per-prevenir-lassetjament-escolar-a-carrec-dels-mossos-a-quart-de-primaria\/","title":{"rendered":"TALLER PER PREVENIR L\u2019ASSETJAMENT ESCOLAR A C\u00c0RREC DELS MOSSOS A QUART DE PRIM\u00c0RIA"},"content":{"rendered":"<p>El dijous\u00a07\u00a0de novembre, l\u2019alumnat de quart\u00a0vam rebre la visita de l\u2019Encarna, una Mossa d\u2019Esquadra que ens va realitzar un taller molt interessant titulat \u00a0\u201cPrevenir l\u2019assetjament escolar entre iguals\u201d.<\/p>\n<p>En aquesta xerrada, ens va explicar qu\u00e8 significa la paraula \u201cassetjament\u201d i les conseq\u00fc\u00e8ncies de no complir la llei, ja que \u00e9s una situaci\u00f3 que la llei castiga.<\/p>\n<p>Despr\u00e9s, mitjan\u00e7ant un c\u00f2mic i unes imatges, vam identificar situacions d\u2019assetjament i ens va explicar els rols que prenen les diferents persones que estan presents en l\u2019assetjament: l\u2019agressor, la v\u00edctima, els\/les c\u00f2mplices i els observadors. Vam reflexionar i prendre consci\u00e8ncia de la import\u00e0ncia que t\u00e9 ser responsables dels nostres actes i actuar davant les injust\u00edcies.<\/p>\n<p>Tamb\u00e9 ens va donar consells de qu\u00e8 podem fer quan presenciem una agressi\u00f3 per part d\u2019un agressor cap a una v\u00edctima, no podem quedar-nos quiets, hem d\u2019ajudar a la v\u00edctima: explicant-li a una persona referent, donant suport a la v\u00edctima, etc.<\/p>\n<p>Va estar un taller molt profit\u00f3s que ens va ajudar a reflexionar i a entendre molt millor qu\u00e8 \u00e9s l\u2019assetjament i totes les persones que implica.<\/p>\n<p>Cliqueu a la imatge per veure les fotografies.<\/p>\n<p><a href=\"https:\/\/agora.xtec.cat\/ceip-santacreu-anglesola\/general\/prevenir-lassetjament-escolar-a-4t\/\" target=\"_blank\" rel=\"noopener\"><img loading=\"lazy\" decoding=\"async\" class=\"alignnone wp-image-7244 size-medium\" src=\"https:\/\/agora.xtec.cat\/ceip-santacreu-anglesola\/wp-content\/uploads\/usu483\/2024\/11\/Picture1-1-300x132.png\" alt=\"\" width=\"300\" height=\"132\" srcset=\"https:\/\/agora.xtec.cat\/ceip-santacreu-anglesola\/wp-content\/uploads\/usu483\/2024\/11\/Picture1-1-300x132.png 300w, https:\/\/agora.xtec.cat\/ceip-santacreu-anglesola\/wp-content\/uploads\/usu483\/2024\/11\/Picture1-1.png 646w\" sizes=\"auto, (max-width: 300px) 100vw, 300px\" \/><\/a><\/p>\n<p>&nbsp;<\/p>\n","protected":false},"excerpt":{"rendered":"<p>El dijous\u00a07\u00a0de novembre, l\u2019alumnat de quart\u00a0vam rebre la visita de l\u2019Encarna, una Mossa d\u2019Esquadra que ens va realitzar un taller molt interessant titulat \u00a0\u201cPrevenir l\u2019assetjament escolar entre iguals\u201d.<br \/>\nEn aquesta xerrada, ens va explicar qu\u00e8 significa la paraula \u201cassetjament\u201d i les conseq\u00fc\u00e8ncies de no complir la&hellip;  <a href=\"https:\/\/agora.xtec.cat\/ceip-santacreu-anglesola\/general\/taller-per-prevenir-lassetjament-escolar-a-carrec-dels-mossos-a-quart-de-primaria\/\" title=\"Read TALLER PER PREVENIR L\u2019ASSETJAMENT ESCOLAR A C\u00c0RREC DELS MOSSOS A QUART DE PRIM\u00c0RIA\">Llegeix m\u00e9s\u00bb<\/a><\/p>\n","protected":false},"author":16,"featured_media":7245,"comment_status":"open","ping_status":"closed","sticky":false,"template":"","format":"standard","meta":{"_bbp_topic_count":0,"_bbp_reply_count":0,"_bbp_total_topic_count":0,"_bbp_total_reply_count":0,"_bbp_voice_count":0,"_bbp_anonymous_reply_count":0,"_bbp_topic_count_hidden":0,"_bbp_reply_count_hidden":0,"_bbp_forum_subforum_count":0,"footnotes":""},"categories":[1,4],"tags":[],"class_list":["post-7242","post","type-post","status-publish","format-standard","has-post-thumbnail","hentry","category-general","category-portada"],"post_mailing_queue_ids":[],"_links":{"self":[{"href":"https:\/\/agora.xtec.cat\/ceip-santacreu-anglesola\/wp-json\/wp\/v2\/posts\/7242","targetHints":{"allow":["GET"]}}],"collection":[{"href":"https:\/\/agora.xtec.cat\/ceip-santacreu-anglesola\/wp-json\/wp\/v2\/posts"}],"about":[{"href":"https:\/\/agora.xtec.cat\/ceip-santacreu-anglesola\/wp-json\/wp\/v2\/types\/post"}],"author":[{"embeddable":true,"href":"https:\/\/agora.xtec.cat\/ceip-santacreu-anglesola\/wp-json\/wp\/v2\/users\/16"}],"replies":[{"embeddable":true,"href":"https:\/\/agora.xtec.cat\/ceip-santacreu-anglesola\/wp-json\/wp\/v2\/comments?post=7242"}],"version-history":[{"count":2,"href":"https:\/\/agora.xtec.cat\/ceip-santacreu-anglesola\/wp-json\/wp\/v2\/posts\/7242\/revisions"}],"predecessor-version":[{"id":7250,"href":"https:\/\/agora.xtec.cat\/ceip-santacreu-anglesola\/wp-json\/wp\/v2\/posts\/7242\/revisions\/7250"}],"wp:featuredmedia":[{"embeddable":true,"href":"https:\/\/agora.xtec.cat\/ceip-santacreu-anglesola\/wp-json\/wp\/v2\/media\/7245"}],"wp:attachment":[{"href":"https:\/\/agora.xtec.cat\/ceip-santacreu-anglesola\/wp-json\/wp\/v2\/media?parent=7242"}],"wp:term":[{"taxonomy":"category","embeddable":true,"href":"https:\/\/agora.xtec.cat\/ceip-santacreu-anglesola\/wp-json\/wp\/v2\/categories?post=7242"},{"taxonomy":"post_tag","embeddable":true,"href":"https:\/\/agora.xtec.cat\/ceip-santacreu-anglesola\/wp-json\/wp\/v2\/tags?post=7242"}],"curies":[{"name":"wp","href":"https:\/\/api.w.org\/{rel}","templated":true}]}}