{"id":7232,"date":"2024-11-06T14:18:21","date_gmt":"2024-11-06T13:18:21","guid":{"rendered":"https:\/\/agora.xtec.cat\/ceip-santacreu-anglesola\/?p=7232"},"modified":"2024-11-06T15:31:38","modified_gmt":"2024-11-06T14:31:38","slug":"taller-a-cicle-mitja-ens-fem-grans","status":"publish","type":"post","link":"https:\/\/agora.xtec.cat\/ceip-santacreu-anglesola\/general\/taller-a-cicle-mitja-ens-fem-grans\/","title":{"rendered":"Taller a Cicle Mitj\u00e0: &#8220;Ens fem grans&#8221;"},"content":{"rendered":"<p>El passat dimarts 30 d\u2019octubre ens van venir a fer un taller sobre el consum 2 persones de l\u2019Ag\u00e8ncia Catalana amb seu a Barcelona.<br \/>\nEl taller dirigit a Cicle Mitj\u00e0 era \u201cEns fem grans\u201d.<br \/>\nEls alumnes van gaudir molt fent una activitat sobre com preparar una festa d\u2019aniversari en petits grups. Cada grup tenia una persona amb unes caracter\u00edstiques espec\u00edfiques i havien de triar activitats, decoraci\u00f3, menjar, etc. D&#8217;un cat\u00e0leg tot tenint en compte aquestes caracter\u00edstiques espec\u00edfiques de la persona i el pressupost donat.<br \/>\nVam passar una molt bona estona on tothom va dialogar, prendre decisions, compartir opinions i exposar. Tots vam aprendre molt sobre el consum amb aquesta situaci\u00f3 d\u2019aprenentatge tant propera a nosaltres.<\/p>\n<p>Clica a la imatge:<\/p>\n<p><a href=\"https:\/\/agora.xtec.cat\/ceip-santacreu-anglesola\/?p=7235&amp;preview=true\" target=\"_blank\" rel=\"noopener\"><img loading=\"lazy\" decoding=\"async\" class=\"aligncenter wp-image-7233 size-medium\" src=\"https:\/\/agora.xtec.cat\/ceip-santacreu-anglesola\/wp-content\/uploads\/usu483\/2024\/11\/images-300x93.png\" alt=\"\" width=\"300\" height=\"93\" srcset=\"https:\/\/agora.xtec.cat\/ceip-santacreu-anglesola\/wp-content\/uploads\/usu483\/2024\/11\/images-300x93.png 300w, https:\/\/agora.xtec.cat\/ceip-santacreu-anglesola\/wp-content\/uploads\/usu483\/2024\/11\/images.png 404w\" sizes=\"auto, (max-width: 300px) 100vw, 300px\" \/><\/a><\/p>\n","protected":false},"excerpt":{"rendered":"<p>El passat dimarts 30 d\u2019octubre ens van venir a fer un taller sobre el consum 2 persones de l\u2019Ag\u00e8ncia Catalana amb seu a Barcelona.<br \/>\nEl taller dirigit a Cicle Mitj\u00e0 era \u201cEns fem grans\u201d.<br \/>\nEls alumnes van gaudir molt fent una activitat sobre com preparar una festa&hellip;  <a href=\"https:\/\/agora.xtec.cat\/ceip-santacreu-anglesola\/general\/taller-a-cicle-mitja-ens-fem-grans\/\" title=\"Read Taller a Cicle Mitj\u00e0: &#8220;Ens fem grans&#8221;\">Llegeix m\u00e9s\u00bb<\/a><\/p>\n","protected":false},"author":1,"featured_media":7233,"comment_status":"closed","ping_status":"closed","sticky":false,"template":"","format":"standard","meta":{"_bbp_topic_count":0,"_bbp_reply_count":0,"_bbp_total_topic_count":0,"_bbp_total_reply_count":0,"_bbp_voice_count":0,"_bbp_anonymous_reply_count":0,"_bbp_topic_count_hidden":0,"_bbp_reply_count_hidden":0,"_bbp_forum_subforum_count":0,"footnotes":""},"categories":[1,4],"tags":[],"class_list":["post-7232","post","type-post","status-publish","format-standard","has-post-thumbnail","hentry","category-general","category-portada"],"post_mailing_queue_ids":[],"_links":{"self":[{"href":"https:\/\/agora.xtec.cat\/ceip-santacreu-anglesola\/wp-json\/wp\/v2\/posts\/7232","targetHints":{"allow":["GET"]}}],"collection":[{"href":"https:\/\/agora.xtec.cat\/ceip-santacreu-anglesola\/wp-json\/wp\/v2\/posts"}],"about":[{"href":"https:\/\/agora.xtec.cat\/ceip-santacreu-anglesola\/wp-json\/wp\/v2\/types\/post"}],"author":[{"embeddable":true,"href":"https:\/\/agora.xtec.cat\/ceip-santacreu-anglesola\/wp-json\/wp\/v2\/users\/1"}],"replies":[{"embeddable":true,"href":"https:\/\/agora.xtec.cat\/ceip-santacreu-anglesola\/wp-json\/wp\/v2\/comments?post=7232"}],"version-history":[{"count":4,"href":"https:\/\/agora.xtec.cat\/ceip-santacreu-anglesola\/wp-json\/wp\/v2\/posts\/7232\/revisions"}],"predecessor-version":[{"id":7241,"href":"https:\/\/agora.xtec.cat\/ceip-santacreu-anglesola\/wp-json\/wp\/v2\/posts\/7232\/revisions\/7241"}],"wp:featuredmedia":[{"embeddable":true,"href":"https:\/\/agora.xtec.cat\/ceip-santacreu-anglesola\/wp-json\/wp\/v2\/media\/7233"}],"wp:attachment":[{"href":"https:\/\/agora.xtec.cat\/ceip-santacreu-anglesola\/wp-json\/wp\/v2\/media?parent=7232"}],"wp:term":[{"taxonomy":"category","embeddable":true,"href":"https:\/\/agora.xtec.cat\/ceip-santacreu-anglesola\/wp-json\/wp\/v2\/categories?post=7232"},{"taxonomy":"post_tag","embeddable":true,"href":"https:\/\/agora.xtec.cat\/ceip-santacreu-anglesola\/wp-json\/wp\/v2\/tags?post=7232"}],"curies":[{"name":"wp","href":"https:\/\/api.w.org\/{rel}","templated":true}]}}