{"id":7226,"date":"2024-11-06T13:55:00","date_gmt":"2024-11-06T12:55:00","guid":{"rendered":"https:\/\/agora.xtec.cat\/ceip-santacreu-anglesola\/?p=7226"},"modified":"2024-11-06T13:55:00","modified_gmt":"2024-11-06T12:55:00","slug":"castanyada-a-lescola","status":"publish","type":"post","link":"https:\/\/agora.xtec.cat\/ceip-santacreu-anglesola\/general\/castanyada-a-lescola\/","title":{"rendered":"CASTANYADA A L&#8217;ESCOLA"},"content":{"rendered":"<p>Dimecres passat, 30 d\u2019octubre, tot l\u2019alumnat de l\u2019escola vam celebrar la festa tradicional de la <span style=\"color: #3366ff;\"><strong>Castanyada<\/strong><\/span>. El mateix dimecres a la tarda ens van visitar unes quantes castanyeres que ens van coure les <strong><span style=\"color: #00ff00;\">castanyes<\/span><\/strong>, que per cert&#8230; van quedar bon\u00edssimes!! Per\u00f2 no menys que els <strong><span style=\"color: #ff00ff;\">panellets<\/span><\/strong> que van elaborar l\u2019alumnat de cicle infantil!! Al pavell\u00f3 tamb\u00e9 vam gaudir de m\u00fasica, balls, danses,&#8230; \u00a0Va ser una tarda l\u00fadica en la qual ens ho vam passar molt b\u00e9.<\/p>\n<p>Podeu veure les fotografies clicant a la seg\u00fcent imatge:<\/p>\n<p><a href=\"https:\/\/agora.xtec.cat\/ceip-santacreu-anglesola\/?p=7228&amp;preview=true\" target=\"_blank\" rel=\"noopener\"><img loading=\"lazy\" decoding=\"async\" class=\"alignnone wp-image-7227 size-medium\" src=\"https:\/\/agora.xtec.cat\/ceip-santacreu-anglesola\/wp-content\/uploads\/usu483\/2024\/11\/Dibuix-castanyada-300x182.png\" alt=\"\" width=\"300\" height=\"182\" srcset=\"https:\/\/agora.xtec.cat\/ceip-santacreu-anglesola\/wp-content\/uploads\/usu483\/2024\/11\/Dibuix-castanyada-300x182.png 300w, https:\/\/agora.xtec.cat\/ceip-santacreu-anglesola\/wp-content\/uploads\/usu483\/2024\/11\/Dibuix-castanyada.png 749w\" sizes=\"auto, (max-width: 300px) 100vw, 300px\" \/><\/a><\/p>\n<p>&nbsp;<\/p>\n","protected":false},"excerpt":{"rendered":"<p>Dimecres passat, 30 d\u2019octubre, tot l\u2019alumnat de l\u2019escola vam celebrar la festa tradicional de la Castanyada. El mateix dimecres a la tarda ens van visitar unes quantes castanyeres que ens van coure les castanyes, que per cert&#8230; van quedar bon\u00edssimes!! Per\u00f2 no menys que els&hellip;  <a href=\"https:\/\/agora.xtec.cat\/ceip-santacreu-anglesola\/general\/castanyada-a-lescola\/\" title=\"Read CASTANYADA A L&#8217;ESCOLA\">Llegeix m\u00e9s\u00bb<\/a><\/p>\n","protected":false},"author":1,"featured_media":7227,"comment_status":"closed","ping_status":"closed","sticky":false,"template":"","format":"standard","meta":{"_bbp_topic_count":0,"_bbp_reply_count":0,"_bbp_total_topic_count":0,"_bbp_total_reply_count":0,"_bbp_voice_count":0,"_bbp_anonymous_reply_count":0,"_bbp_topic_count_hidden":0,"_bbp_reply_count_hidden":0,"_bbp_forum_subforum_count":0,"footnotes":""},"categories":[1,4],"tags":[],"class_list":["post-7226","post","type-post","status-publish","format-standard","has-post-thumbnail","hentry","category-general","category-portada"],"post_mailing_queue_ids":[],"_links":{"self":[{"href":"https:\/\/agora.xtec.cat\/ceip-santacreu-anglesola\/wp-json\/wp\/v2\/posts\/7226","targetHints":{"allow":["GET"]}}],"collection":[{"href":"https:\/\/agora.xtec.cat\/ceip-santacreu-anglesola\/wp-json\/wp\/v2\/posts"}],"about":[{"href":"https:\/\/agora.xtec.cat\/ceip-santacreu-anglesola\/wp-json\/wp\/v2\/types\/post"}],"author":[{"embeddable":true,"href":"https:\/\/agora.xtec.cat\/ceip-santacreu-anglesola\/wp-json\/wp\/v2\/users\/1"}],"replies":[{"embeddable":true,"href":"https:\/\/agora.xtec.cat\/ceip-santacreu-anglesola\/wp-json\/wp\/v2\/comments?post=7226"}],"version-history":[{"count":1,"href":"https:\/\/agora.xtec.cat\/ceip-santacreu-anglesola\/wp-json\/wp\/v2\/posts\/7226\/revisions"}],"predecessor-version":[{"id":7229,"href":"https:\/\/agora.xtec.cat\/ceip-santacreu-anglesola\/wp-json\/wp\/v2\/posts\/7226\/revisions\/7229"}],"wp:featuredmedia":[{"embeddable":true,"href":"https:\/\/agora.xtec.cat\/ceip-santacreu-anglesola\/wp-json\/wp\/v2\/media\/7227"}],"wp:attachment":[{"href":"https:\/\/agora.xtec.cat\/ceip-santacreu-anglesola\/wp-json\/wp\/v2\/media?parent=7226"}],"wp:term":[{"taxonomy":"category","embeddable":true,"href":"https:\/\/agora.xtec.cat\/ceip-santacreu-anglesola\/wp-json\/wp\/v2\/categories?post=7226"},{"taxonomy":"post_tag","embeddable":true,"href":"https:\/\/agora.xtec.cat\/ceip-santacreu-anglesola\/wp-json\/wp\/v2\/tags?post=7226"}],"curies":[{"name":"wp","href":"https:\/\/api.w.org\/{rel}","templated":true}]}}