{"id":7198,"date":"2024-10-25T19:27:15","date_gmt":"2024-10-25T17:27:15","guid":{"rendered":"https:\/\/agora.xtec.cat\/ceip-santacreu-anglesola\/?p=7198"},"modified":"2024-10-25T19:37:51","modified_gmt":"2024-10-25T17:37:51","slug":"sortida-de-primer-i-segon-cicle-a-verdu","status":"publish","type":"post","link":"https:\/\/agora.xtec.cat\/ceip-santacreu-anglesola\/portada\/sortida-de-primer-i-segon-cicle-a-verdu\/","title":{"rendered":"SORTIDA DE PRIMER I SEGON CICLE A VERD\u00da"},"content":{"rendered":"<p>El dimecres 23 d\u2019octubre, els alumnes de primer i segon cicle de prim\u00e0ria vam anar d\u2019excursi\u00f3 a Verd\u00fa. Comencem el primer trimestre amb una sortida que ens atansa a les antigues civilitzacions, ja que, durant aquest curs les treballarem com a projecte (ibers i maies).<\/p>\n<p>L&#8217;alumnat de primer cicle vam anar a visitar el jaciment del poblat iber dels Estinclells, on van viure els ilergets. All\u00ed, vam poder veure r\u00e8pliques de materials i eines que utilitzaven en la seva vida quotidiana. Vam realitzar uns tallers d\u2019escriptura ibera i vam fer tovots.<\/p>\n<p>Mentrestant, l\u2019alumnat de segon cicle vam poder gaudir de l\u2019entorn natural del poble de Verd\u00fa amb una visita hist\u00f2rica-medieval de la muralla i el castell de Verd\u00fa. Despr\u00e9s vam realitzar un taller de cer\u00e0mica. L\u2019Enric Orobitg, mestre ceramista, i la Francina, ens van \u00a0ensenyar el seu ofici i vam gaudir d\u2019un taller de fang on cadascun de nosaltres vam realitzar una m\u00e0scara maia.<\/p>\n<p>Per acabar, ens vam retrobar tots a la font de Sta. Magdalena, on vam dinar i gaudir d\u2019una bona estona de joc, envoltats de natura.<\/p>\n<p>Vam passar un dia genial!<\/p>\n<p>Cliqueu damunt de la imatge per veure les fotos:<\/p>\n<p><a href=\"https:\/\/agora.xtec.cat\/ceip-santacreu-anglesola\/general\/sortida-a-verdu-2\/\" target=\"_blank\" rel=\"noopener\"><img loading=\"lazy\" decoding=\"async\" class=\"aligncenter wp-image-7201\" src=\"https:\/\/agora.xtec.cat\/ceip-santacreu-anglesola\/wp-content\/uploads\/usu483\/2024\/10\/imatge-Verdu11-300x221.png\" alt=\"\" width=\"322\" height=\"237\" srcset=\"https:\/\/agora.xtec.cat\/ceip-santacreu-anglesola\/wp-content\/uploads\/usu483\/2024\/10\/imatge-Verdu11-300x221.png 300w, https:\/\/agora.xtec.cat\/ceip-santacreu-anglesola\/wp-content\/uploads\/usu483\/2024\/10\/imatge-Verdu11-768x567.png 768w, https:\/\/agora.xtec.cat\/ceip-santacreu-anglesola\/wp-content\/uploads\/usu483\/2024\/10\/imatge-Verdu11.png 843w\" sizes=\"auto, (max-width: 322px) 100vw, 322px\" \/><\/a><\/p>\n","protected":false},"excerpt":{"rendered":"<p>El dimecres 23 d\u2019octubre, els alumnes de primer i segon cicle de prim\u00e0ria vam anar d\u2019excursi\u00f3 a Verd\u00fa. Comencem el primer trimestre amb una sortida que ens atansa a les antigues civilitzacions, ja que, durant aquest curs les treballarem com a projecte (ibers i maies).<br \/>\nL&#8217;alumnat&hellip;  <a href=\"https:\/\/agora.xtec.cat\/ceip-santacreu-anglesola\/portada\/sortida-de-primer-i-segon-cicle-a-verdu\/\" title=\"Read SORTIDA DE PRIMER I SEGON CICLE A VERD\u00da\">Llegeix m\u00e9s\u00bb<\/a><\/p>\n","protected":false},"author":16,"featured_media":7201,"comment_status":"open","ping_status":"closed","sticky":false,"template":"","format":"standard","meta":{"_bbp_topic_count":0,"_bbp_reply_count":0,"_bbp_total_topic_count":0,"_bbp_total_reply_count":0,"_bbp_voice_count":0,"_bbp_anonymous_reply_count":0,"_bbp_topic_count_hidden":0,"_bbp_reply_count_hidden":0,"_bbp_forum_subforum_count":0,"footnotes":""},"categories":[4,5],"tags":[],"class_list":["post-7198","post","type-post","status-publish","format-standard","has-post-thumbnail","hentry","category-portada","category-primaria"],"post_mailing_queue_ids":[],"_links":{"self":[{"href":"https:\/\/agora.xtec.cat\/ceip-santacreu-anglesola\/wp-json\/wp\/v2\/posts\/7198","targetHints":{"allow":["GET"]}}],"collection":[{"href":"https:\/\/agora.xtec.cat\/ceip-santacreu-anglesola\/wp-json\/wp\/v2\/posts"}],"about":[{"href":"https:\/\/agora.xtec.cat\/ceip-santacreu-anglesola\/wp-json\/wp\/v2\/types\/post"}],"author":[{"embeddable":true,"href":"https:\/\/agora.xtec.cat\/ceip-santacreu-anglesola\/wp-json\/wp\/v2\/users\/16"}],"replies":[{"embeddable":true,"href":"https:\/\/agora.xtec.cat\/ceip-santacreu-anglesola\/wp-json\/wp\/v2\/comments?post=7198"}],"version-history":[{"count":6,"href":"https:\/\/agora.xtec.cat\/ceip-santacreu-anglesola\/wp-json\/wp\/v2\/posts\/7198\/revisions"}],"predecessor-version":[{"id":7212,"href":"https:\/\/agora.xtec.cat\/ceip-santacreu-anglesola\/wp-json\/wp\/v2\/posts\/7198\/revisions\/7212"}],"wp:featuredmedia":[{"embeddable":true,"href":"https:\/\/agora.xtec.cat\/ceip-santacreu-anglesola\/wp-json\/wp\/v2\/media\/7201"}],"wp:attachment":[{"href":"https:\/\/agora.xtec.cat\/ceip-santacreu-anglesola\/wp-json\/wp\/v2\/media?parent=7198"}],"wp:term":[{"taxonomy":"category","embeddable":true,"href":"https:\/\/agora.xtec.cat\/ceip-santacreu-anglesola\/wp-json\/wp\/v2\/categories?post=7198"},{"taxonomy":"post_tag","embeddable":true,"href":"https:\/\/agora.xtec.cat\/ceip-santacreu-anglesola\/wp-json\/wp\/v2\/tags?post=7198"}],"curies":[{"name":"wp","href":"https:\/\/api.w.org\/{rel}","templated":true}]}}