{"id":7184,"date":"2024-10-21T15:51:41","date_gmt":"2024-10-21T13:51:41","guid":{"rendered":"https:\/\/agora.xtec.cat\/ceip-santacreu-anglesola\/?p=7184"},"modified":"2024-10-21T15:51:41","modified_gmt":"2024-10-21T13:51:41","slug":"sortida-educacio-infantil-a-la-carral","status":"publish","type":"post","link":"https:\/\/agora.xtec.cat\/ceip-santacreu-anglesola\/general\/sortida-educacio-infantil-a-la-carral\/","title":{"rendered":"Sortida Educaci\u00f3 Infantil a La Carral"},"content":{"rendered":"<p style=\"text-align: left;\">El passat divendres dia 11 d&#8217;octubre l&#8217;alumnat d&#8217;I3, I4 i I5 vam anar d&#8217;excursi\u00f3 a la casa de col\u00f2nies La Carral de Solsona.<br \/>\nLa casa est\u00e0 envoltada de bosc. Ens vam endinsar en <strong><span style=\"color: #008000;\">&#8220;L&#8217;AVENTURA DELS FOLLETS&#8221;<\/span><\/strong>, on ens d&#8217;endinsar en el m\u00f3n dels follets per descobrir els secrets de la natura i trobar tots els ingredients necessaris per fer una poci\u00f3 m\u00e0gica.<br \/>\nDespr\u00e9s vam dinar, jugar al parc i visitar els animals de la granja.\u00a0 \u00a0Les cabres tenien for\u00e7a gana i els hi vam donar fulles de roure per menjar!<\/p>\n<p>Va ser una excursi\u00f3 molt divertida envoltats de natura!<\/p>\n<p><a href=\"https:\/\/agora.xtec.cat\/ceip-santacreu-anglesola\/?p=7187&amp;preview=true\"><img loading=\"lazy\" decoding=\"async\" class=\"alignnone wp-image-7188 size-medium\" src=\"https:\/\/agora.xtec.cat\/ceip-santacreu-anglesola\/wp-content\/uploads\/usu483\/2024\/10\/foto01-300x208.jpg\" alt=\"\" width=\"300\" height=\"208\" srcset=\"https:\/\/agora.xtec.cat\/ceip-santacreu-anglesola\/wp-content\/uploads\/usu483\/2024\/10\/foto01-300x208.jpg 300w, https:\/\/agora.xtec.cat\/ceip-santacreu-anglesola\/wp-content\/uploads\/usu483\/2024\/10\/foto01.jpg 709w\" sizes=\"auto, (max-width: 300px) 100vw, 300px\" \/><\/a><\/p>\n","protected":false},"excerpt":{"rendered":"<p>El passat divendres dia 11 d&#8217;octubre l&#8217;alumnat d&#8217;I3, I4 i I5 vam anar d&#8217;excursi\u00f3 a la casa de col\u00f2nies La Carral de Solsona.<br \/>\nLa casa est\u00e0 envoltada de bosc. Ens vam endinsar en &#8220;L&#8217;AVENTURA DELS FOLLETS&#8221;, on ens d&#8217;endinsar en el m\u00f3n dels follets per descobrir&hellip;  <a href=\"https:\/\/agora.xtec.cat\/ceip-santacreu-anglesola\/general\/sortida-educacio-infantil-a-la-carral\/\" title=\"Read Sortida Educaci\u00f3 Infantil a La Carral\">Llegeix m\u00e9s\u00bb<\/a><\/p>\n","protected":false},"author":1,"featured_media":0,"comment_status":"open","ping_status":"closed","sticky":false,"template":"","format":"standard","meta":{"_bbp_topic_count":0,"_bbp_reply_count":0,"_bbp_total_topic_count":0,"_bbp_total_reply_count":0,"_bbp_voice_count":0,"_bbp_anonymous_reply_count":0,"_bbp_topic_count_hidden":0,"_bbp_reply_count_hidden":0,"_bbp_forum_subforum_count":0,"footnotes":""},"categories":[1,2,4],"tags":[],"class_list":["post-7184","post","type-post","status-publish","format-standard","hentry","category-general","category-infantil","category-portada"],"post_mailing_queue_ids":[],"_links":{"self":[{"href":"https:\/\/agora.xtec.cat\/ceip-santacreu-anglesola\/wp-json\/wp\/v2\/posts\/7184","targetHints":{"allow":["GET"]}}],"collection":[{"href":"https:\/\/agora.xtec.cat\/ceip-santacreu-anglesola\/wp-json\/wp\/v2\/posts"}],"about":[{"href":"https:\/\/agora.xtec.cat\/ceip-santacreu-anglesola\/wp-json\/wp\/v2\/types\/post"}],"author":[{"embeddable":true,"href":"https:\/\/agora.xtec.cat\/ceip-santacreu-anglesola\/wp-json\/wp\/v2\/users\/1"}],"replies":[{"embeddable":true,"href":"https:\/\/agora.xtec.cat\/ceip-santacreu-anglesola\/wp-json\/wp\/v2\/comments?post=7184"}],"version-history":[{"count":6,"href":"https:\/\/agora.xtec.cat\/ceip-santacreu-anglesola\/wp-json\/wp\/v2\/posts\/7184\/revisions"}],"predecessor-version":[{"id":7194,"href":"https:\/\/agora.xtec.cat\/ceip-santacreu-anglesola\/wp-json\/wp\/v2\/posts\/7184\/revisions\/7194"}],"wp:attachment":[{"href":"https:\/\/agora.xtec.cat\/ceip-santacreu-anglesola\/wp-json\/wp\/v2\/media?parent=7184"}],"wp:term":[{"taxonomy":"category","embeddable":true,"href":"https:\/\/agora.xtec.cat\/ceip-santacreu-anglesola\/wp-json\/wp\/v2\/categories?post=7184"},{"taxonomy":"post_tag","embeddable":true,"href":"https:\/\/agora.xtec.cat\/ceip-santacreu-anglesola\/wp-json\/wp\/v2\/tags?post=7184"}],"curies":[{"name":"wp","href":"https:\/\/api.w.org\/{rel}","templated":true}]}}