{"id":7150,"date":"2024-10-07T17:17:28","date_gmt":"2024-10-07T15:17:28","guid":{"rendered":"https:\/\/agora.xtec.cat\/ceip-santacreu-anglesola\/?p=7150"},"modified":"2024-10-07T17:21:56","modified_gmt":"2024-10-07T15:21:56","slug":"reunio-dalumnes-representants-de-les-classes","status":"publish","type":"post","link":"https:\/\/agora.xtec.cat\/ceip-santacreu-anglesola\/general\/reunio-dalumnes-representants-de-les-classes\/","title":{"rendered":"Reuni\u00f3 d&#8217;alumnes representants de les classes"},"content":{"rendered":"<p>El divendres 27 de setembre vam fer la primera reuni\u00f3 de delegats i delegades. Cada classe, de primer a sis\u00e8, t\u00e9 dos representants. Aquests infants tenen les funcions de representar a la seva classe a les assemblees de delegats, transmetre les propostes i\/o queixes de la classe a l&#8217;equip directiu, explicar als companys i companyes tot all\u00f2 que s&#8217;ha parlat a l&#8217;assemblea i fer de mediador o mediadora en els petits conflictes d&#8217;aula i de pati.<\/p>\n<p>Els nens i nenes que volen exercir de representants, han de presentar la seva candidatura davant dels companys i companyes explicant la motivaci\u00f3 per a ser-ho. Un cop presentades les candidatures, es fan les votacions. Quan ja es tenen els resultats de les votacions, es fa la primera assemblea. Cada mes es fa una reuni\u00f3 de representants amb membres de l&#8217;equip directiu.<\/p>\n<p>El claustre de mestres estem molt contents del bon funcionament d&#8217;aquesta figura perqu\u00e8 \u00e9s quelcom molt educatiu. Aix\u00ed els infants aprenen a donar l&#8217;opini\u00f3, a dialogar, i, entre altres coses, a ser conscients que les organitzacions funcionen gr\u00e0cies a la participaci\u00f3 de tots els integrants de la comunitat, en aquest cas, tamb\u00e9 de l&#8217;alumnat.<\/p>\n<p>Cliqueu a la imatge per a veure la foto<\/p>\n<p><a href=\"https:\/\/agora.xtec.cat\/ceip-santacreu-anglesola\/general\/reunio-representants-de-classe\/\"><img loading=\"lazy\" decoding=\"async\" class=\"sFlh5c FyHeAf iPVvYb alignnone\" src=\"https:\/\/agora.xtec.cat\/ceiplluispiquer\/wp-content\/uploads\/usu1238\/2021\/10\/delegats-i-delegades.jpg\" alt=\"VOTEM EL DELEGAT O DELEGADA DE LES CLASSES DE 5\u00e8 | Escola Llu\u00eds Piquer\" width=\"463\" height=\"334\" aria-hidden=\"false\" \/><\/a><\/p>\n<p>&nbsp;<\/p>\n","protected":false},"excerpt":{"rendered":"<p>El divendres 27 de setembre vam fer la primera reuni\u00f3 de delegats i delegades. Cada classe, de primer a sis\u00e8, t\u00e9 dos representants. Aquests infants tenen les funcions de representar a la seva classe a les assemblees de delegats, transmetre les propostes i\/o queixes de&hellip;  <a href=\"https:\/\/agora.xtec.cat\/ceip-santacreu-anglesola\/general\/reunio-dalumnes-representants-de-les-classes\/\" title=\"Read Reuni\u00f3 d&#8217;alumnes representants de les classes\">Llegeix m\u00e9s\u00bb<\/a><\/p>\n","protected":false},"author":3,"featured_media":0,"comment_status":"open","ping_status":"closed","sticky":false,"template":"","format":"standard","meta":{"_bbp_topic_count":0,"_bbp_reply_count":0,"_bbp_total_topic_count":0,"_bbp_total_reply_count":0,"_bbp_voice_count":0,"_bbp_anonymous_reply_count":0,"_bbp_topic_count_hidden":0,"_bbp_reply_count_hidden":0,"_bbp_forum_subforum_count":0,"footnotes":""},"categories":[1,4],"tags":[],"class_list":["post-7150","post","type-post","status-publish","format-standard","hentry","category-general","category-portada"],"post_mailing_queue_ids":[],"_links":{"self":[{"href":"https:\/\/agora.xtec.cat\/ceip-santacreu-anglesola\/wp-json\/wp\/v2\/posts\/7150","targetHints":{"allow":["GET"]}}],"collection":[{"href":"https:\/\/agora.xtec.cat\/ceip-santacreu-anglesola\/wp-json\/wp\/v2\/posts"}],"about":[{"href":"https:\/\/agora.xtec.cat\/ceip-santacreu-anglesola\/wp-json\/wp\/v2\/types\/post"}],"author":[{"embeddable":true,"href":"https:\/\/agora.xtec.cat\/ceip-santacreu-anglesola\/wp-json\/wp\/v2\/users\/3"}],"replies":[{"embeddable":true,"href":"https:\/\/agora.xtec.cat\/ceip-santacreu-anglesola\/wp-json\/wp\/v2\/comments?post=7150"}],"version-history":[{"count":3,"href":"https:\/\/agora.xtec.cat\/ceip-santacreu-anglesola\/wp-json\/wp\/v2\/posts\/7150\/revisions"}],"predecessor-version":[{"id":7156,"href":"https:\/\/agora.xtec.cat\/ceip-santacreu-anglesola\/wp-json\/wp\/v2\/posts\/7150\/revisions\/7156"}],"wp:attachment":[{"href":"https:\/\/agora.xtec.cat\/ceip-santacreu-anglesola\/wp-json\/wp\/v2\/media?parent=7150"}],"wp:term":[{"taxonomy":"category","embeddable":true,"href":"https:\/\/agora.xtec.cat\/ceip-santacreu-anglesola\/wp-json\/wp\/v2\/categories?post=7150"},{"taxonomy":"post_tag","embeddable":true,"href":"https:\/\/agora.xtec.cat\/ceip-santacreu-anglesola\/wp-json\/wp\/v2\/tags?post=7150"}],"curies":[{"name":"wp","href":"https:\/\/api.w.org\/{rel}","templated":true}]}}