{"id":7143,"date":"2024-10-03T18:18:11","date_gmt":"2024-10-03T16:18:11","guid":{"rendered":"https:\/\/agora.xtec.cat\/ceip-santacreu-anglesola\/?p=7143"},"modified":"2024-10-03T18:18:11","modified_gmt":"2024-10-03T16:18:11","slug":"els-nadius-digitals-no-existeixen","status":"publish","type":"post","link":"https:\/\/agora.xtec.cat\/ceip-santacreu-anglesola\/portada\/els-nadius-digitals-no-existeixen\/","title":{"rendered":"ELS NADIUS DIGITALS NO EXISTEIXEN"},"content":{"rendered":"<p>Vivim en una \u00e8poca on tenim m\u00e9s informaci\u00f3 que mai sobre qualsevol tema que ens interessi o preocupi. Entre aquests, destaquen els articles que ens informen sobre l&#8217;\u00fas i l&#8217;ab\u00fas de les pantalles: tauletes, m\u00f2bils, consoles, televisors&#8230;Doncs resulta paradoxal que, tot i aquesta gran quantitat d&#8217;informaci\u00f3, vagis on vagis trobis nens i nenes de prim\u00e0ria enganxats a la pantalla d&#8217;un m\u00f2bil mentre els adults se&#8217;n poden desentendre.<\/p>\n<p>Per aix\u00f2, com a escola, creiem que \u00e9s el nostre deure posar al vostre abast informaci\u00f3 i eines per poder enfrontar la problem\u00e0tica de l&#8217;ab\u00fas de les pantalles a les nostres llars.<\/p>\n<p>L&#8217;article que us enllacem n&#8217;\u00e9s un bon exemple:<\/p>\n<p><a href=\"https:\/\/www.nuvol.com\/pantalles\/cultura-digital\/anna-ramis-els-nadius-digitals-no-existeixen-396140\" target=\"_blank\" rel=\"noopener\">ELS NADIUS DIGITALS NO EXISTEIXEN<\/a><\/p>\n<p>&nbsp;<\/p>\n<p>&nbsp;<\/p>\n","protected":false},"excerpt":{"rendered":"<p>Vivim en una \u00e8poca on tenim m\u00e9s informaci\u00f3 que mai sobre qualsevol tema que ens interessi o preocupi. Entre aquests, destaquen els articles que ens informen sobre l&#8217;\u00fas i l&#8217;ab\u00fas de les pantalles: tauletes, m\u00f2bils, consoles, televisors&#8230;Doncs resulta paradoxal que, tot i aquesta gran quantitat&hellip;  <a href=\"https:\/\/agora.xtec.cat\/ceip-santacreu-anglesola\/portada\/els-nadius-digitals-no-existeixen\/\" title=\"Read ELS NADIUS DIGITALS NO EXISTEIXEN\">Llegeix m\u00e9s\u00bb<\/a><\/p>\n","protected":false},"author":11,"featured_media":0,"comment_status":"open","ping_status":"closed","sticky":false,"template":"","format":"standard","meta":{"_bbp_topic_count":0,"_bbp_reply_count":0,"_bbp_total_topic_count":0,"_bbp_total_reply_count":0,"_bbp_voice_count":0,"_bbp_anonymous_reply_count":0,"_bbp_topic_count_hidden":0,"_bbp_reply_count_hidden":0,"_bbp_forum_subforum_count":0,"footnotes":""},"categories":[54,4],"tags":[],"class_list":["post-7143","post","type-post","status-publish","format-standard","hentry","category-articles","category-portada"],"post_mailing_queue_ids":[],"_links":{"self":[{"href":"https:\/\/agora.xtec.cat\/ceip-santacreu-anglesola\/wp-json\/wp\/v2\/posts\/7143","targetHints":{"allow":["GET"]}}],"collection":[{"href":"https:\/\/agora.xtec.cat\/ceip-santacreu-anglesola\/wp-json\/wp\/v2\/posts"}],"about":[{"href":"https:\/\/agora.xtec.cat\/ceip-santacreu-anglesola\/wp-json\/wp\/v2\/types\/post"}],"author":[{"embeddable":true,"href":"https:\/\/agora.xtec.cat\/ceip-santacreu-anglesola\/wp-json\/wp\/v2\/users\/11"}],"replies":[{"embeddable":true,"href":"https:\/\/agora.xtec.cat\/ceip-santacreu-anglesola\/wp-json\/wp\/v2\/comments?post=7143"}],"version-history":[{"count":1,"href":"https:\/\/agora.xtec.cat\/ceip-santacreu-anglesola\/wp-json\/wp\/v2\/posts\/7143\/revisions"}],"predecessor-version":[{"id":7144,"href":"https:\/\/agora.xtec.cat\/ceip-santacreu-anglesola\/wp-json\/wp\/v2\/posts\/7143\/revisions\/7144"}],"wp:attachment":[{"href":"https:\/\/agora.xtec.cat\/ceip-santacreu-anglesola\/wp-json\/wp\/v2\/media?parent=7143"}],"wp:term":[{"taxonomy":"category","embeddable":true,"href":"https:\/\/agora.xtec.cat\/ceip-santacreu-anglesola\/wp-json\/wp\/v2\/categories?post=7143"},{"taxonomy":"post_tag","embeddable":true,"href":"https:\/\/agora.xtec.cat\/ceip-santacreu-anglesola\/wp-json\/wp\/v2\/tags?post=7143"}],"curies":[{"name":"wp","href":"https:\/\/api.w.org\/{rel}","templated":true}]}}