{"id":7121,"date":"2024-09-26T12:51:41","date_gmt":"2024-09-26T10:51:41","guid":{"rendered":"https:\/\/agora.xtec.cat\/ceip-santacreu-anglesola\/?p=7121"},"modified":"2024-09-26T13:32:25","modified_gmt":"2024-09-26T11:32:25","slug":"lofici-deducar-de-catalunya-radio","status":"publish","type":"post","link":"https:\/\/agora.xtec.cat\/ceip-santacreu-anglesola\/portada\/lofici-deducar-de-catalunya-radio\/","title":{"rendered":"L&#8217;Ofici d&#8217;Educar de Catalunya R\u00e0dio"},"content":{"rendered":"<p>Us informem de la Festa del <strong>10\u00e8 aniversari de l\u2019Ofici d\u2019Educar<\/strong> de Catalunya R\u00e0dio el <strong>diumenge 6 d\u2019octubre<\/strong> al mat\u00ed (10h a 14h). Gratu\u00eft i obert a totes les fam\u00edlies i docents que vulguin, amb activitats gratu\u00eftes, r\u00e0dio en directe i entrevistes a grans experts de l\u2019educaci\u00f3 a qui podreu con\u00e8ixer personalment. La festa tindr\u00e0 lloc a la Granja Escola de Santa Maria de Palau Tordera.<\/p>\n<p><a href=\"https:\/\/www.loficideducar.com\/\">Informacions i inscripcions cliqueu aqu\u00ed.<\/a><\/p>\n<p>&nbsp;<\/p>\n","protected":false},"excerpt":{"rendered":"<p>Us informem de la Festa del 10\u00e8 aniversari de l\u2019Ofici d\u2019Educar de Catalunya R\u00e0dio el diumenge 6 d\u2019octubre al mat\u00ed (10h a 14h). Gratu\u00eft i obert a totes les fam\u00edlies i docents que vulguin, amb activitats gratu\u00eftes, r\u00e0dio en directe i entrevistes a grans experts&hellip;  <a href=\"https:\/\/agora.xtec.cat\/ceip-santacreu-anglesola\/portada\/lofici-deducar-de-catalunya-radio\/\" title=\"Read L&#8217;Ofici d&#8217;Educar de Catalunya R\u00e0dio\">Llegeix m\u00e9s\u00bb<\/a><\/p>\n","protected":false},"author":3,"featured_media":0,"comment_status":"open","ping_status":"closed","sticky":false,"template":"","format":"standard","meta":{"_bbp_topic_count":0,"_bbp_reply_count":0,"_bbp_total_topic_count":0,"_bbp_total_reply_count":0,"_bbp_voice_count":0,"_bbp_anonymous_reply_count":0,"_bbp_topic_count_hidden":0,"_bbp_reply_count_hidden":0,"_bbp_forum_subforum_count":0,"footnotes":""},"categories":[4,65],"tags":[],"class_list":["post-7121","post","type-post","status-publish","format-standard","hentry","category-portada","category-suggeriments"],"post_mailing_queue_ids":[],"_links":{"self":[{"href":"https:\/\/agora.xtec.cat\/ceip-santacreu-anglesola\/wp-json\/wp\/v2\/posts\/7121","targetHints":{"allow":["GET"]}}],"collection":[{"href":"https:\/\/agora.xtec.cat\/ceip-santacreu-anglesola\/wp-json\/wp\/v2\/posts"}],"about":[{"href":"https:\/\/agora.xtec.cat\/ceip-santacreu-anglesola\/wp-json\/wp\/v2\/types\/post"}],"author":[{"embeddable":true,"href":"https:\/\/agora.xtec.cat\/ceip-santacreu-anglesola\/wp-json\/wp\/v2\/users\/3"}],"replies":[{"embeddable":true,"href":"https:\/\/agora.xtec.cat\/ceip-santacreu-anglesola\/wp-json\/wp\/v2\/comments?post=7121"}],"version-history":[{"count":4,"href":"https:\/\/agora.xtec.cat\/ceip-santacreu-anglesola\/wp-json\/wp\/v2\/posts\/7121\/revisions"}],"predecessor-version":[{"id":7127,"href":"https:\/\/agora.xtec.cat\/ceip-santacreu-anglesola\/wp-json\/wp\/v2\/posts\/7121\/revisions\/7127"}],"wp:attachment":[{"href":"https:\/\/agora.xtec.cat\/ceip-santacreu-anglesola\/wp-json\/wp\/v2\/media?parent=7121"}],"wp:term":[{"taxonomy":"category","embeddable":true,"href":"https:\/\/agora.xtec.cat\/ceip-santacreu-anglesola\/wp-json\/wp\/v2\/categories?post=7121"},{"taxonomy":"post_tag","embeddable":true,"href":"https:\/\/agora.xtec.cat\/ceip-santacreu-anglesola\/wp-json\/wp\/v2\/tags?post=7121"}],"curies":[{"name":"wp","href":"https:\/\/api.w.org\/{rel}","templated":true}]}}