{"id":7098,"date":"2024-09-13T16:34:50","date_gmt":"2024-09-13T14:34:50","guid":{"rendered":"https:\/\/agora.xtec.cat\/ceip-santacreu-anglesola\/?p=7098"},"modified":"2024-09-18T09:17:22","modified_gmt":"2024-09-18T07:17:22","slug":"la-nit-europea-de-la-recerca","status":"publish","type":"post","link":"https:\/\/agora.xtec.cat\/ceip-santacreu-anglesola\/general\/la-nit-europea-de-la-recerca\/","title":{"rendered":"La Nit Europea de la Recerca"},"content":{"rendered":"<p>&nbsp;<\/p>\n<h4><strong>La Nit Europea de la Recerca<\/strong><\/h4>\n<p>\u00c9s un esdeveniment p\u00fablic dedicat a la divulgaci\u00f3 de la ci\u00e8ncia que se celebra cada any en m\u00e9s de 300 ciutats de 30 pa\u00efsos d\u2019Europa al mateix temps. El seu objectiu \u00e9s apropar la recerca i els seus protagonistes al p\u00fablic de totes les edats i donar a con\u00e8ixer la recerca i la innovaci\u00f3 de manera planera i divertida.<\/p>\n<p>Les activitats pel p\u00fablic infantil s\u00f3n la n\u00famero 1: La import\u00e0ncia dels colors i la N\u00famero 10: Contacontes.<\/p>\n<p><a href=\"https:\/\/researchersnight.udl.cat\/programa-dactivitats-2024\/\" target=\"_blank\" rel=\"noopener\">Nit Europea de la Recerca<\/a><\/p>\n","protected":false},"excerpt":{"rendered":"<p>&nbsp;<br \/>\nLa Nit Europea de la Recerca<br \/>\n\u00c9s un esdeveniment p\u00fablic dedicat a la divulgaci\u00f3 de la ci\u00e8ncia que se celebra cada any en m\u00e9s de 300 ciutats de 30 pa\u00efsos d\u2019Europa al mateix temps. El seu objectiu \u00e9s apropar la recerca i els seus protagonistes al&hellip;  <a href=\"https:\/\/agora.xtec.cat\/ceip-santacreu-anglesola\/general\/la-nit-europea-de-la-recerca\/\" title=\"Read La Nit Europea de la Recerca\">Llegeix m\u00e9s\u00bb<\/a><\/p>\n","protected":false},"author":1,"featured_media":7099,"comment_status":"open","ping_status":"closed","sticky":false,"template":"","format":"standard","meta":{"_bbp_topic_count":0,"_bbp_reply_count":0,"_bbp_total_topic_count":0,"_bbp_total_reply_count":0,"_bbp_voice_count":0,"_bbp_anonymous_reply_count":0,"_bbp_topic_count_hidden":0,"_bbp_reply_count_hidden":0,"_bbp_forum_subforum_count":0,"footnotes":""},"categories":[1,4,65],"tags":[],"class_list":["post-7098","post","type-post","status-publish","format-standard","has-post-thumbnail","hentry","category-general","category-portada","category-suggeriments"],"post_mailing_queue_ids":[],"_links":{"self":[{"href":"https:\/\/agora.xtec.cat\/ceip-santacreu-anglesola\/wp-json\/wp\/v2\/posts\/7098","targetHints":{"allow":["GET"]}}],"collection":[{"href":"https:\/\/agora.xtec.cat\/ceip-santacreu-anglesola\/wp-json\/wp\/v2\/posts"}],"about":[{"href":"https:\/\/agora.xtec.cat\/ceip-santacreu-anglesola\/wp-json\/wp\/v2\/types\/post"}],"author":[{"embeddable":true,"href":"https:\/\/agora.xtec.cat\/ceip-santacreu-anglesola\/wp-json\/wp\/v2\/users\/1"}],"replies":[{"embeddable":true,"href":"https:\/\/agora.xtec.cat\/ceip-santacreu-anglesola\/wp-json\/wp\/v2\/comments?post=7098"}],"version-history":[{"count":3,"href":"https:\/\/agora.xtec.cat\/ceip-santacreu-anglesola\/wp-json\/wp\/v2\/posts\/7098\/revisions"}],"predecessor-version":[{"id":7105,"href":"https:\/\/agora.xtec.cat\/ceip-santacreu-anglesola\/wp-json\/wp\/v2\/posts\/7098\/revisions\/7105"}],"wp:featuredmedia":[{"embeddable":true,"href":"https:\/\/agora.xtec.cat\/ceip-santacreu-anglesola\/wp-json\/wp\/v2\/media\/7099"}],"wp:attachment":[{"href":"https:\/\/agora.xtec.cat\/ceip-santacreu-anglesola\/wp-json\/wp\/v2\/media?parent=7098"}],"wp:term":[{"taxonomy":"category","embeddable":true,"href":"https:\/\/agora.xtec.cat\/ceip-santacreu-anglesola\/wp-json\/wp\/v2\/categories?post=7098"},{"taxonomy":"post_tag","embeddable":true,"href":"https:\/\/agora.xtec.cat\/ceip-santacreu-anglesola\/wp-json\/wp\/v2\/tags?post=7098"}],"curies":[{"name":"wp","href":"https:\/\/api.w.org\/{rel}","templated":true}]}}