{"id":7052,"date":"2024-06-25T13:35:21","date_gmt":"2024-06-25T11:35:21","guid":{"rendered":"https:\/\/agora.xtec.cat\/ceip-santacreu-anglesola\/?p=7052"},"modified":"2024-06-25T13:37:03","modified_gmt":"2024-06-25T11:37:03","slug":"ultim-dia-de-curs-jornada-de-jocs","status":"publish","type":"post","link":"https:\/\/agora.xtec.cat\/ceip-santacreu-anglesola\/general\/ultim-dia-de-curs-jornada-de-jocs\/","title":{"rendered":"\u00daLTIM DIA DE CURS, JORNADA DE JOCS"},"content":{"rendered":"<p>I com a cloenda de la nostra festa major i acabament del curs escolar, el divendres 21 de juny, l\u2019alumnat de 6\u00e8 ens va preparar un mat\u00ed de jocs divertits, distrets i variats per a tot l\u2019alumnat del centre. Les caracter\u00edstiques d\u2019aquests van ser de tem\u00e0tiques diferents, posant a prova la nostra destresa, rapidesa i altres habilitats. Vam passar un mat\u00ed molt entretingut. A mig mat\u00ed, l\u2019AFA ens va obsequiar amb un esmorzar bon\u00edssim, coca amb xocolata, que ens va anar molt b\u00e9 per carregar forces i energia per a continuar jugant. Tamb\u00e9 vam poder gaudir d\u2019un \u00faltim esbarjo tots junts. En acabar la jornada l\u00fadica, vam fer una gran rotllana al pati tots junts agafats de les mans i cantant la can\u00e7\u00f3 \u00ab\u00c9s l\u2019hora dels ad\u00e9us\u00bb per acomiadar-nos del curs i comen\u00e7ar les merescudes vacances d\u2019estiu. Fins aqu\u00ed el curs 23-24, un any ple de reptes, aprenentatges, emocions i moments per recordar. Ens retrobem al setembre amb les piles carregades per continuar treballant per un nou curs plegats! BON ESTIU!!<\/p>\n<p>Clica a la imatge per a veure les fotografies:<\/p>\n<p>&nbsp;<\/p>\n<p><a href=\"https:\/\/agora.xtec.cat\/ceip-santacreu-anglesola\/?p=7055&amp;preview=true\" target=\"_blank\" rel=\"noopener\"><img loading=\"lazy\" decoding=\"async\" class=\"aligncenter wp-image-7053 size-full\" src=\"https:\/\/agora.xtec.cat\/ceip-santacreu-anglesola\/wp-content\/uploads\/usu483\/2024\/06\/images.jpg\" alt=\"\" width=\"231\" height=\"218\" \/><\/a><\/p>\n","protected":false},"excerpt":{"rendered":"<p>I com a cloenda de la nostra festa major i acabament del curs escolar, el divendres 21 de juny, l\u2019alumnat de 6\u00e8 ens va preparar un mat\u00ed de jocs divertits, distrets i variats per a tot l\u2019alumnat del centre. Les caracter\u00edstiques d\u2019aquests van ser de&hellip;  <a href=\"https:\/\/agora.xtec.cat\/ceip-santacreu-anglesola\/general\/ultim-dia-de-curs-jornada-de-jocs\/\" title=\"Read \u00daLTIM DIA DE CURS, JORNADA DE JOCS\">Llegeix m\u00e9s\u00bb<\/a><\/p>\n","protected":false},"author":1,"featured_media":7053,"comment_status":"closed","ping_status":"closed","sticky":false,"template":"","format":"standard","meta":{"_bbp_topic_count":0,"_bbp_reply_count":0,"_bbp_total_topic_count":0,"_bbp_total_reply_count":0,"_bbp_voice_count":0,"_bbp_anonymous_reply_count":0,"_bbp_topic_count_hidden":0,"_bbp_reply_count_hidden":0,"_bbp_forum_subforum_count":0,"footnotes":""},"categories":[1,4],"tags":[],"class_list":["post-7052","post","type-post","status-publish","format-standard","has-post-thumbnail","hentry","category-general","category-portada"],"post_mailing_queue_ids":[],"_links":{"self":[{"href":"https:\/\/agora.xtec.cat\/ceip-santacreu-anglesola\/wp-json\/wp\/v2\/posts\/7052","targetHints":{"allow":["GET"]}}],"collection":[{"href":"https:\/\/agora.xtec.cat\/ceip-santacreu-anglesola\/wp-json\/wp\/v2\/posts"}],"about":[{"href":"https:\/\/agora.xtec.cat\/ceip-santacreu-anglesola\/wp-json\/wp\/v2\/types\/post"}],"author":[{"embeddable":true,"href":"https:\/\/agora.xtec.cat\/ceip-santacreu-anglesola\/wp-json\/wp\/v2\/users\/1"}],"replies":[{"embeddable":true,"href":"https:\/\/agora.xtec.cat\/ceip-santacreu-anglesola\/wp-json\/wp\/v2\/comments?post=7052"}],"version-history":[{"count":2,"href":"https:\/\/agora.xtec.cat\/ceip-santacreu-anglesola\/wp-json\/wp\/v2\/posts\/7052\/revisions"}],"predecessor-version":[{"id":7057,"href":"https:\/\/agora.xtec.cat\/ceip-santacreu-anglesola\/wp-json\/wp\/v2\/posts\/7052\/revisions\/7057"}],"wp:featuredmedia":[{"embeddable":true,"href":"https:\/\/agora.xtec.cat\/ceip-santacreu-anglesola\/wp-json\/wp\/v2\/media\/7053"}],"wp:attachment":[{"href":"https:\/\/agora.xtec.cat\/ceip-santacreu-anglesola\/wp-json\/wp\/v2\/media?parent=7052"}],"wp:term":[{"taxonomy":"category","embeddable":true,"href":"https:\/\/agora.xtec.cat\/ceip-santacreu-anglesola\/wp-json\/wp\/v2\/categories?post=7052"},{"taxonomy":"post_tag","embeddable":true,"href":"https:\/\/agora.xtec.cat\/ceip-santacreu-anglesola\/wp-json\/wp\/v2\/tags?post=7052"}],"curies":[{"name":"wp","href":"https:\/\/api.w.org\/{rel}","templated":true}]}}