{"id":7049,"date":"2024-06-25T14:42:56","date_gmt":"2024-06-25T12:42:56","guid":{"rendered":"https:\/\/agora.xtec.cat\/ceip-santacreu-anglesola\/?p=7049"},"modified":"2024-06-25T14:42:56","modified_gmt":"2024-06-25T12:42:56","slug":"exposicio-de-projectes-2023-2024","status":"publish","type":"post","link":"https:\/\/agora.xtec.cat\/ceip-santacreu-anglesola\/general\/exposicio-de-projectes-2023-2024\/","title":{"rendered":"Exposici\u00f3 de projectes 2023-2024"},"content":{"rendered":"<p>Al llarg d&#8217;aquest curs, l&#8217;alumnat de l&#8217;escola Santa Creu, ha anat treballant diferents projectes, alguns relacionats amb les emocions i l&#8217;aigua i sanejament, infantil, i d&#8217;altres relacionats amb les antigues civilitzacions.\u00a0 Tots ho han fet d&#8217;all\u00f2 m\u00e9s b\u00e9!<\/p>\n<p>Cliqueu per veure&#8217;n els projectes:<\/p>\n<p><a href=\"https:\/\/agora.xtec.cat\/ceip-santacreu-anglesola\/general\/projectes-curs-2023-2024\/\"><img loading=\"lazy\" decoding=\"async\" class=\"alignnone size-medium wp-image-7046\" src=\"https:\/\/agora.xtec.cat\/ceip-santacreu-anglesola\/wp-content\/uploads\/usu483\/2024\/06\/I3-300x212.png\" alt=\"\" width=\"300\" height=\"212\" srcset=\"https:\/\/agora.xtec.cat\/ceip-santacreu-anglesola\/wp-content\/uploads\/usu483\/2024\/06\/I3-300x212.png 300w, https:\/\/agora.xtec.cat\/ceip-santacreu-anglesola\/wp-content\/uploads\/usu483\/2024\/06\/I3-1024x724.png 1024w, https:\/\/agora.xtec.cat\/ceip-santacreu-anglesola\/wp-content\/uploads\/usu483\/2024\/06\/I3-768x543.png 768w, https:\/\/agora.xtec.cat\/ceip-santacreu-anglesola\/wp-content\/uploads\/usu483\/2024\/06\/I3-1536x1086.png 1536w, https:\/\/agora.xtec.cat\/ceip-santacreu-anglesola\/wp-content\/uploads\/usu483\/2024\/06\/I3.png 2000w\" sizes=\"auto, (max-width: 300px) 100vw, 300px\" \/><\/a><\/p>\n","protected":false},"excerpt":{"rendered":"<p>Al llarg d&#8217;aquest curs, l&#8217;alumnat de l&#8217;escola Santa Creu, ha anat treballant diferents projectes, alguns relacionats amb les emocions i l&#8217;aigua i sanejament, infantil, i d&#8217;altres relacionats amb les antigues civilitzacions.\u00a0 Tots ho han fet d&#8217;all\u00f2 m\u00e9s b\u00e9!<br \/>\nCliqueu per veure&#8217;n els projectes:<br \/>\n<a href=\"https:\/\/agora.xtec.cat\/ceip-santacreu-anglesola\/general\/projectes-curs-2023-2024\/\"><\/a><\/p>\n","protected":false},"author":1,"featured_media":0,"comment_status":"open","ping_status":"closed","sticky":false,"template":"","format":"standard","meta":{"_bbp_topic_count":0,"_bbp_reply_count":0,"_bbp_total_topic_count":0,"_bbp_total_reply_count":0,"_bbp_voice_count":0,"_bbp_anonymous_reply_count":0,"_bbp_topic_count_hidden":0,"_bbp_reply_count_hidden":0,"_bbp_forum_subforum_count":0,"footnotes":""},"categories":[1,4],"tags":[],"class_list":["post-7049","post","type-post","status-publish","format-standard","hentry","category-general","category-portada"],"post_mailing_queue_ids":[],"_links":{"self":[{"href":"https:\/\/agora.xtec.cat\/ceip-santacreu-anglesola\/wp-json\/wp\/v2\/posts\/7049","targetHints":{"allow":["GET"]}}],"collection":[{"href":"https:\/\/agora.xtec.cat\/ceip-santacreu-anglesola\/wp-json\/wp\/v2\/posts"}],"about":[{"href":"https:\/\/agora.xtec.cat\/ceip-santacreu-anglesola\/wp-json\/wp\/v2\/types\/post"}],"author":[{"embeddable":true,"href":"https:\/\/agora.xtec.cat\/ceip-santacreu-anglesola\/wp-json\/wp\/v2\/users\/1"}],"replies":[{"embeddable":true,"href":"https:\/\/agora.xtec.cat\/ceip-santacreu-anglesola\/wp-json\/wp\/v2\/comments?post=7049"}],"version-history":[{"count":2,"href":"https:\/\/agora.xtec.cat\/ceip-santacreu-anglesola\/wp-json\/wp\/v2\/posts\/7049\/revisions"}],"predecessor-version":[{"id":7059,"href":"https:\/\/agora.xtec.cat\/ceip-santacreu-anglesola\/wp-json\/wp\/v2\/posts\/7049\/revisions\/7059"}],"wp:attachment":[{"href":"https:\/\/agora.xtec.cat\/ceip-santacreu-anglesola\/wp-json\/wp\/v2\/media?parent=7049"}],"wp:term":[{"taxonomy":"category","embeddable":true,"href":"https:\/\/agora.xtec.cat\/ceip-santacreu-anglesola\/wp-json\/wp\/v2\/categories?post=7049"},{"taxonomy":"post_tag","embeddable":true,"href":"https:\/\/agora.xtec.cat\/ceip-santacreu-anglesola\/wp-json\/wp\/v2\/tags?post=7049"}],"curies":[{"name":"wp","href":"https:\/\/api.w.org\/{rel}","templated":true}]}}