{"id":7035,"date":"2024-06-21T08:59:48","date_gmt":"2024-06-21T06:59:48","guid":{"rendered":"https:\/\/agora.xtec.cat\/ceip-santacreu-anglesola\/?p=7035"},"modified":"2024-06-21T09:04:07","modified_gmt":"2024-06-21T07:04:07","slug":"cercavila-i-vermut","status":"publish","type":"post","link":"https:\/\/agora.xtec.cat\/ceip-santacreu-anglesola\/general\/cercavila-i-vermut\/","title":{"rendered":"CERCAVILA I VERMUT"},"content":{"rendered":"<p>El dilluns dia 17 de juny, a l\u2019escola Santa Creu, vam donar el tret de sortida a la setmana cultural \u201cLa Festa Major\u201d amb el tradicional \u201cxupinasso\u201d. Tot seguit, vam iniciar una cercavila que va donar la volta al centre d\u2019Anglesola, realitzant dues parades: una a la Pla\u00e7a Santa Anna i l\u2019altra davant de l\u2019Ajuntament; els nens i nenes de 6\u00e8 van tocar diverses can\u00e7ons a ritme de \u201cbatucada\u201d.<\/p>\n<p>Els elements del seguici popular que van participar de la cercavila van ser la Creueta, la nostra geganta, i un grup de vuit capgrossos, quatre dels quals han estat confeccionats aquests darrers mesos pels alumnes de l\u2019escola amb l\u2019ajuda dels mestres, i tres han estat cedits per exalumnes a l\u2019escola.<\/p>\n<p>Un cop vam arribar a l\u2019escola cadasc\u00fa a la seva classe va gaudir d\u2019un vermut amb patates i olives.<\/p>\n<p>Moltes gr\u00e0cies per la donaci\u00f3 dels capgrossos, aquesta ha ajudat a qu\u00e8 la nostra cercavila hagi llu\u00eft encara m\u00e9s.<\/p>\n<p>Per veure les fotos clica a la imatge:<\/p>\n<p><a href=\"https:\/\/agora.xtec.cat\/ceip-santacreu-anglesola\/?p=7039&amp;preview=true\" target=\"_blank\" rel=\"noopener\"><img loading=\"lazy\" decoding=\"async\" class=\"aligncenter wp-image-7036 size-medium\" src=\"https:\/\/agora.xtec.cat\/ceip-santacreu-anglesola\/wp-content\/uploads\/usu483\/2024\/06\/elements-300x192.jpg\" alt=\"\" width=\"300\" height=\"192\" srcset=\"https:\/\/agora.xtec.cat\/ceip-santacreu-anglesola\/wp-content\/uploads\/usu483\/2024\/06\/elements-300x192.jpg 300w, https:\/\/agora.xtec.cat\/ceip-santacreu-anglesola\/wp-content\/uploads\/usu483\/2024\/06\/elements.jpg 400w\" sizes=\"auto, (max-width: 300px) 100vw, 300px\" \/><\/a><\/p>\n","protected":false},"excerpt":{"rendered":"<p>El dilluns dia 17 de juny, a l\u2019escola Santa Creu, vam donar el tret de sortida a la setmana cultural \u201cLa Festa Major\u201d amb el tradicional \u201cxupinasso\u201d. Tot seguit, vam iniciar una cercavila que va donar la volta al centre d\u2019Anglesola, realitzant dues parades: una&hellip;  <a href=\"https:\/\/agora.xtec.cat\/ceip-santacreu-anglesola\/general\/cercavila-i-vermut\/\" title=\"Read CERCAVILA I VERMUT\">Llegeix m\u00e9s\u00bb<\/a><\/p>\n","protected":false},"author":1,"featured_media":7036,"comment_status":"closed","ping_status":"closed","sticky":false,"template":"","format":"standard","meta":{"_bbp_topic_count":0,"_bbp_reply_count":0,"_bbp_total_topic_count":0,"_bbp_total_reply_count":0,"_bbp_voice_count":0,"_bbp_anonymous_reply_count":0,"_bbp_topic_count_hidden":0,"_bbp_reply_count_hidden":0,"_bbp_forum_subforum_count":0,"footnotes":""},"categories":[1,4],"tags":[],"class_list":["post-7035","post","type-post","status-publish","format-standard","has-post-thumbnail","hentry","category-general","category-portada"],"post_mailing_queue_ids":[],"_links":{"self":[{"href":"https:\/\/agora.xtec.cat\/ceip-santacreu-anglesola\/wp-json\/wp\/v2\/posts\/7035","targetHints":{"allow":["GET"]}}],"collection":[{"href":"https:\/\/agora.xtec.cat\/ceip-santacreu-anglesola\/wp-json\/wp\/v2\/posts"}],"about":[{"href":"https:\/\/agora.xtec.cat\/ceip-santacreu-anglesola\/wp-json\/wp\/v2\/types\/post"}],"author":[{"embeddable":true,"href":"https:\/\/agora.xtec.cat\/ceip-santacreu-anglesola\/wp-json\/wp\/v2\/users\/1"}],"replies":[{"embeddable":true,"href":"https:\/\/agora.xtec.cat\/ceip-santacreu-anglesola\/wp-json\/wp\/v2\/comments?post=7035"}],"version-history":[{"count":3,"href":"https:\/\/agora.xtec.cat\/ceip-santacreu-anglesola\/wp-json\/wp\/v2\/posts\/7035\/revisions"}],"predecessor-version":[{"id":7041,"href":"https:\/\/agora.xtec.cat\/ceip-santacreu-anglesola\/wp-json\/wp\/v2\/posts\/7035\/revisions\/7041"}],"wp:featuredmedia":[{"embeddable":true,"href":"https:\/\/agora.xtec.cat\/ceip-santacreu-anglesola\/wp-json\/wp\/v2\/media\/7036"}],"wp:attachment":[{"href":"https:\/\/agora.xtec.cat\/ceip-santacreu-anglesola\/wp-json\/wp\/v2\/media?parent=7035"}],"wp:term":[{"taxonomy":"category","embeddable":true,"href":"https:\/\/agora.xtec.cat\/ceip-santacreu-anglesola\/wp-json\/wp\/v2\/categories?post=7035"},{"taxonomy":"post_tag","embeddable":true,"href":"https:\/\/agora.xtec.cat\/ceip-santacreu-anglesola\/wp-json\/wp\/v2\/tags?post=7035"}],"curies":[{"name":"wp","href":"https:\/\/api.w.org\/{rel}","templated":true}]}}