{"id":7024,"date":"2024-06-20T14:27:44","date_gmt":"2024-06-20T12:27:44","guid":{"rendered":"https:\/\/agora.xtec.cat\/ceip-santacreu-anglesola\/?p=7024"},"modified":"2024-06-20T14:27:44","modified_gmt":"2024-06-20T12:27:44","slug":"comiat-6e-i-festival-fi-de-curs","status":"publish","type":"post","link":"https:\/\/agora.xtec.cat\/ceip-santacreu-anglesola\/general\/comiat-6e-i-festival-fi-de-curs\/","title":{"rendered":"COMIAT 6\u00c8 I FESTIVAL FI DE CURS"},"content":{"rendered":"<p>El dijous 20 de juny, l\u2019alumnat de l\u2019escola, ens vam reunir tots al pavell\u00f3 per acomiadar als nens i nenes de 6\u00e8. Primerament, vam repartir diferents reconeixements a la classe m\u00e9s sostenible, a la que ha portat els esmorzars m\u00e9s saludables durant tot el curs i tamb\u00e9 a les alumnes que han rebut m\u00e9s vots del cartell de la Festa Major de l\u2019escola. \u00a0Despr\u00e9s per dir ad\u00e9u als alumnes de 6\u00e8, els vam condecorar amb una banda amb un adjectiu personalitzat per cadasc\u00fa.<\/p>\n<p>Vam aprofitar l\u2019acte per acomiadar a la mestra Dolors, amb la seva jubilaci\u00f3 i li vam agrair els onze anys de dedicaci\u00f3 a l\u2019escola, ens va emocionar a tots i totes.<\/p>\n<p>Finalment, per tancar el curs i oferir espectacle a les fam\u00edlies, tots els cursos de l\u2019escola vam actuar al festival participant amb una actuaci\u00f3 \u00fanica preparada des de diferents \u00e0rees.<\/p>\n<p>Cliqueu a la imatge per veure les fotos:<\/p>\n<p style=\"text-align: center;\"><a href=\"https:\/\/agora.xtec.cat\/ceip-santacreu-anglesola\/general\/comiat-6e-i-festival-fi-de-curs-23-24\/\"><img loading=\"lazy\" decoding=\"async\" class=\"alignnone size-medium wp-image-7026\" src=\"https:\/\/agora.xtec.cat\/ceip-santacreu-anglesola\/wp-content\/uploads\/usu483\/2024\/06\/Banner-festa-fi-curs-300x130.jpg\" alt=\"\" width=\"300\" height=\"130\" srcset=\"https:\/\/agora.xtec.cat\/ceip-santacreu-anglesola\/wp-content\/uploads\/usu483\/2024\/06\/Banner-festa-fi-curs-300x130.jpg 300w, https:\/\/agora.xtec.cat\/ceip-santacreu-anglesola\/wp-content\/uploads\/usu483\/2024\/06\/Banner-festa-fi-curs-768x333.jpg 768w, https:\/\/agora.xtec.cat\/ceip-santacreu-anglesola\/wp-content\/uploads\/usu483\/2024\/06\/Banner-festa-fi-curs.jpg 771w\" sizes=\"auto, (max-width: 300px) 100vw, 300px\" \/><\/a><\/p>\n","protected":false},"excerpt":{"rendered":"<p>El dijous 20 de juny, l\u2019alumnat de l\u2019escola, ens vam reunir tots al pavell\u00f3 per acomiadar als nens i nenes de 6\u00e8. Primerament, vam repartir diferents reconeixements a la classe m\u00e9s sostenible, a la que ha portat els esmorzars m\u00e9s saludables durant tot el curs&hellip;  <a href=\"https:\/\/agora.xtec.cat\/ceip-santacreu-anglesola\/general\/comiat-6e-i-festival-fi-de-curs\/\" title=\"Read COMIAT 6\u00c8 I FESTIVAL FI DE CURS\">Llegeix m\u00e9s\u00bb<\/a><\/p>\n","protected":false},"author":16,"featured_media":7026,"comment_status":"open","ping_status":"closed","sticky":false,"template":"","format":"standard","meta":{"_bbp_topic_count":0,"_bbp_reply_count":0,"_bbp_total_topic_count":0,"_bbp_total_reply_count":0,"_bbp_voice_count":0,"_bbp_anonymous_reply_count":0,"_bbp_topic_count_hidden":0,"_bbp_reply_count_hidden":0,"_bbp_forum_subforum_count":0,"footnotes":""},"categories":[1,4],"tags":[],"class_list":["post-7024","post","type-post","status-publish","format-standard","has-post-thumbnail","hentry","category-general","category-portada"],"post_mailing_queue_ids":[],"_links":{"self":[{"href":"https:\/\/agora.xtec.cat\/ceip-santacreu-anglesola\/wp-json\/wp\/v2\/posts\/7024","targetHints":{"allow":["GET"]}}],"collection":[{"href":"https:\/\/agora.xtec.cat\/ceip-santacreu-anglesola\/wp-json\/wp\/v2\/posts"}],"about":[{"href":"https:\/\/agora.xtec.cat\/ceip-santacreu-anglesola\/wp-json\/wp\/v2\/types\/post"}],"author":[{"embeddable":true,"href":"https:\/\/agora.xtec.cat\/ceip-santacreu-anglesola\/wp-json\/wp\/v2\/users\/16"}],"replies":[{"embeddable":true,"href":"https:\/\/agora.xtec.cat\/ceip-santacreu-anglesola\/wp-json\/wp\/v2\/comments?post=7024"}],"version-history":[{"count":4,"href":"https:\/\/agora.xtec.cat\/ceip-santacreu-anglesola\/wp-json\/wp\/v2\/posts\/7024\/revisions"}],"predecessor-version":[{"id":7032,"href":"https:\/\/agora.xtec.cat\/ceip-santacreu-anglesola\/wp-json\/wp\/v2\/posts\/7024\/revisions\/7032"}],"wp:featuredmedia":[{"embeddable":true,"href":"https:\/\/agora.xtec.cat\/ceip-santacreu-anglesola\/wp-json\/wp\/v2\/media\/7026"}],"wp:attachment":[{"href":"https:\/\/agora.xtec.cat\/ceip-santacreu-anglesola\/wp-json\/wp\/v2\/media?parent=7024"}],"wp:term":[{"taxonomy":"category","embeddable":true,"href":"https:\/\/agora.xtec.cat\/ceip-santacreu-anglesola\/wp-json\/wp\/v2\/categories?post=7024"},{"taxonomy":"post_tag","embeddable":true,"href":"https:\/\/agora.xtec.cat\/ceip-santacreu-anglesola\/wp-json\/wp\/v2\/tags?post=7024"}],"curies":[{"name":"wp","href":"https:\/\/api.w.org\/{rel}","templated":true}]}}