{"id":7007,"date":"2024-06-19T14:16:09","date_gmt":"2024-06-19T12:16:09","guid":{"rendered":"https:\/\/agora.xtec.cat\/ceip-santacreu-anglesola\/?p=7007"},"modified":"2024-06-19T15:08:21","modified_gmt":"2024-06-19T13:08:21","slug":"cineforum","status":"publish","type":"post","link":"https:\/\/agora.xtec.cat\/ceip-santacreu-anglesola\/general\/cineforum\/","title":{"rendered":"CINEF\u00d2RUM. SETMANA CULTURAL."},"content":{"rendered":"<p>Aquest dimecres de la Setmana Cultural \u00e9s el torn del Cinef\u00f2rum. Totes les classes s&#8217;ajunten per cicles per visionar una pel\u00b7l\u00edcula.<\/p>\n<p>Com si estigu\u00e9ssim al cinema tamb\u00e9 tenim crispetes per amenitzar la sessi\u00f3 \ud83d\ude0e<\/p>\n<p>Infantil: Curtmetratges que treballen VALORS.<\/p>\n<p>Prim\u00e0ria: La tem\u00e0tica versa sobre la INTERCULTURALITAT.<\/p>\n<p>Despr\u00e9s de veure el film comen\u00e7a el temps del f\u00f2rum, en el qual es conversa i reflexiona sobre els temes dels quals ha tractat la pel\u00b7l\u00edcula utilitzant diverses din\u00e0miques.<\/p>\n<p>Ha estat una activitat genial!!<\/p>\n<p>&nbsp;<\/p>\n<p>Per veure les imatges clica:<\/p>\n<p><a href=\"https:\/\/agora.xtec.cat\/ceip-santacreu-anglesola\/?p=7015&amp;preview=true\" target=\"_blank\" rel=\"noopener\"><img loading=\"lazy\" decoding=\"async\" class=\"aligncenter wp-image-7009 size-medium\" src=\"https:\/\/agora.xtec.cat\/ceip-santacreu-anglesola\/wp-content\/uploads\/usu483\/2024\/06\/Cinema-Product-Photo-300x300.webp\" alt=\"\" width=\"300\" height=\"300\" \/><\/a><\/p>\n","protected":false},"excerpt":{"rendered":"<p>Aquest dimecres de la Setmana Cultural \u00e9s el torn del Cinef\u00f2rum. Totes les classes s&#8217;ajunten per cicles per visionar una pel\u00b7l\u00edcula.<br \/>\nCom si estigu\u00e9ssim al cinema tamb\u00e9 tenim crispetes per amenitzar la sessi\u00f3 \ud83d\ude0e<br \/>\nInfantil: Curtmetratges que treballen VALORS.<br \/>\nPrim\u00e0ria: La tem\u00e0tica versa sobre la INTERCULTURALITAT.<br \/>\nDespr\u00e9s de veure&hellip;  <a href=\"https:\/\/agora.xtec.cat\/ceip-santacreu-anglesola\/general\/cineforum\/\" title=\"Read CINEF\u00d2RUM. SETMANA CULTURAL.\">Llegeix m\u00e9s\u00bb<\/a><\/p>\n","protected":false},"author":1,"featured_media":7009,"comment_status":"closed","ping_status":"closed","sticky":false,"template":"","format":"standard","meta":{"_bbp_topic_count":0,"_bbp_reply_count":0,"_bbp_total_topic_count":0,"_bbp_total_reply_count":0,"_bbp_voice_count":0,"_bbp_anonymous_reply_count":0,"_bbp_topic_count_hidden":0,"_bbp_reply_count_hidden":0,"_bbp_forum_subforum_count":0,"footnotes":""},"categories":[1,4],"tags":[],"class_list":["post-7007","post","type-post","status-publish","format-standard","has-post-thumbnail","hentry","category-general","category-portada"],"post_mailing_queue_ids":[],"_links":{"self":[{"href":"https:\/\/agora.xtec.cat\/ceip-santacreu-anglesola\/wp-json\/wp\/v2\/posts\/7007","targetHints":{"allow":["GET"]}}],"collection":[{"href":"https:\/\/agora.xtec.cat\/ceip-santacreu-anglesola\/wp-json\/wp\/v2\/posts"}],"about":[{"href":"https:\/\/agora.xtec.cat\/ceip-santacreu-anglesola\/wp-json\/wp\/v2\/types\/post"}],"author":[{"embeddable":true,"href":"https:\/\/agora.xtec.cat\/ceip-santacreu-anglesola\/wp-json\/wp\/v2\/users\/1"}],"replies":[{"embeddable":true,"href":"https:\/\/agora.xtec.cat\/ceip-santacreu-anglesola\/wp-json\/wp\/v2\/comments?post=7007"}],"version-history":[{"count":6,"href":"https:\/\/agora.xtec.cat\/ceip-santacreu-anglesola\/wp-json\/wp\/v2\/posts\/7007\/revisions"}],"predecessor-version":[{"id":7017,"href":"https:\/\/agora.xtec.cat\/ceip-santacreu-anglesola\/wp-json\/wp\/v2\/posts\/7007\/revisions\/7017"}],"wp:featuredmedia":[{"embeddable":true,"href":"https:\/\/agora.xtec.cat\/ceip-santacreu-anglesola\/wp-json\/wp\/v2\/media\/7009"}],"wp:attachment":[{"href":"https:\/\/agora.xtec.cat\/ceip-santacreu-anglesola\/wp-json\/wp\/v2\/media?parent=7007"}],"wp:term":[{"taxonomy":"category","embeddable":true,"href":"https:\/\/agora.xtec.cat\/ceip-santacreu-anglesola\/wp-json\/wp\/v2\/categories?post=7007"},{"taxonomy":"post_tag","embeddable":true,"href":"https:\/\/agora.xtec.cat\/ceip-santacreu-anglesola\/wp-json\/wp\/v2\/tags?post=7007"}],"curies":[{"name":"wp","href":"https:\/\/api.w.org\/{rel}","templated":true}]}}