{"id":6992,"date":"2024-06-19T10:10:21","date_gmt":"2024-06-19T08:10:21","guid":{"rendered":"https:\/\/agora.xtec.cat\/ceip-santacreu-anglesola\/?p=6992"},"modified":"2024-06-19T10:10:21","modified_gmt":"2024-06-19T08:10:21","slug":"cursa-solidaria-per-acnur","status":"publish","type":"post","link":"https:\/\/agora.xtec.cat\/ceip-santacreu-anglesola\/general\/cursa-solidaria-per-acnur\/","title":{"rendered":"CURSA SOLID\u00c0RIA PER ACNUR"},"content":{"rendered":"<p><span style=\"font-family: Times New Roman, serif;\"><span style=\"font-size: medium;\"><span style=\"font-family: Arial, serif;\">El dilluns dia 17<\/span><span style=\"font-family: Arial, serif;\">de juny<\/span><span style=\"font-family: Arial, serif;\">, <\/span><span style=\"font-family: Arial, serif;\">comencem la Festa Major de l\u2019Escola. Nosaltres estem de festa per\u00f2 no deixem de pensar que hi ha pa\u00efsos que estan en guerra, com els infants de <\/span><span style=\"font-family: Arial, serif;\">Gaza i Palestina, <\/span><span style=\"font-family: Arial, serif;\">que estan vivint una situaci\u00f3 molt dif\u00edcil al seu pa\u00eds. \u00c9s per aquest motiu que nosaltres ens volem solidaritzar ells. <\/span><\/span><\/span><\/p>\n<p><span style=\"font-family: Times New Roman, serif;\"><span style=\"font-size: medium;\"><span style=\"font-family: Arial, serif;\">L<\/span><span style=\"font-family: Arial, serif;\">es classes de prim\u00e0ria <\/span><span style=\"font-family: Arial, serif;\">de<\/span> <span style=\"font-family: Arial, serif;\">1<\/span><span style=\"font-family: Arial, serif;\">r, 2n i 3r<\/span> <span style=\"font-family: Arial, serif;\">va<\/span><span style=\"font-family: Arial, serif;\">m <\/span><span style=\"font-family: Arial, serif;\">visualitzar uns v\u00eddeos de l\u2019InfoK <\/span><span style=\"font-family: Arial, serif;\">amb els quals vam poder fer-<\/span><span style=\"font-family: Arial, serif;\">nos la idea de<\/span> <span style=\"font-family: Arial, serif;\">com viuen la guerra <\/span><span style=\"font-family: Arial, serif;\">molts <\/span><span style=\"font-family: Arial, serif;\">d\u2019aquests nens i nenes <\/span><span style=\"font-family: Arial, serif;\">d\u2019aquests pa\u00efsos.<\/span> <\/span><\/span><\/p>\n<p><span style=\"font-family: Times New Roman, serif;\"><span style=\"font-size: medium;\"><span style=\"font-family: Arial, serif;\">Els alumnes de 4t, 5\u00e8 i 6\u00e8 vam poder contactar, mitjan\u00e7ant videotrucada, amb una treballadora de <\/span><span style=\"font-family: Arial, serif;\">l\u2019associaci\u00f3 ACNUR <\/span><span style=\"font-family: Arial, serif;\">de Madrid.<\/span><\/span><\/span><\/p>\n<p class=\"western\"><span style=\"font-size: medium;\"><span style=\"color: #000000;\"><span style=\"font-family: Arial, serif;\">Ens <\/span><\/span><span style=\"color: #000000;\"><span style=\"font-family: Arial, serif;\">va<\/span><\/span><span style=\"color: #000000;\"><span style=\"font-family: Arial, serif;\">n explicar<\/span><\/span><span style=\"color: #000000;\"><span style=\"font-family: Arial, serif;\"> com actu<\/span><\/span><span style=\"color: #000000;\"><span style=\"font-family: Arial, serif;\">en<\/span><\/span><span style=\"color: #000000;\"><span style=\"font-family: Arial, serif;\"> quan hi ha una emerg\u00e8ncia, <\/span><\/span><span style=\"color: #000000;\"><span style=\"font-family: Arial, serif;\">quina mena d\u2019articles els proporcionen <\/span><\/span><span style=\"color: #000000;\"><span style=\"font-family: Arial, serif;\">a les persones que viuen en un campament de refugiats <\/span><\/span><span style=\"color: #000000;\"><span style=\"font-family: Arial, serif;\">i quan aquests refugiats o despla\u00e7ats poden sortir del camp.<\/span><\/span> <\/span><\/p>\n<p class=\"western\"><span style=\"font-size: medium;\"><span style=\"color: #000000;\"><span style=\"font-family: Arial, serif;\">Cal dir que <\/span><\/span><span style=\"color: #000000;\"><span style=\"font-family: Arial, serif;\">ens van <\/span><\/span><span style=\"color: #000000;\"><span style=\"font-family: Arial, serif;\">conscienciar sobre la situaci\u00f3 d\u2019<\/span><\/span><span style=\"color: #000000;\"><span style=\"font-family: Arial, serif;\">aquestes<\/span><\/span><span style=\"color: #000000;\"><span style=\"font-family: Arial, serif;\"> persones m\u00e9s desfavorides, que pateixen una guerra, <\/span><\/span><span style=\"color: #000000;\"><span style=\"font-family: Arial, serif;\">per tal de construir una societat m\u00e9s justa socialment. <\/span><\/span><span style=\"color: #000000;\"><span style=\"font-family: Arial, serif;\">S<\/span><\/span><span style=\"color: #000000;\"><span style=\"font-family: Arial, serif;\">obretot, <\/span><\/span><span style=\"color: #000000;\"><span style=\"font-family: Arial, serif;\">ens <\/span><\/span><span style=\"color: #000000;\"><span style=\"font-family: Arial, serif;\">van<\/span><\/span> <span style=\"color: #000000;\"><span style=\"font-family: Arial, serif;\">indicar<\/span><\/span> <span style=\"color: #000000;\"><span style=\"font-family: Arial, serif;\">quines accions pod<\/span><\/span><span style=\"color: #000000;\"><span style=\"font-family: Arial, serif;\">e<\/span><\/span><span style=\"color: #000000;\"><span style=\"font-family: Arial, serif;\">m fer <\/span><\/span><span style=\"color: #000000;\"><span style=\"font-family: Arial, serif;\">nosaltres <\/span><\/span><span style=\"color: #000000;\"><span style=\"font-family: Arial, serif;\">com a infants: <\/span><\/span><span style=\"color: #000000;\"><span style=\"font-family: Arial, serif;\">informa<\/span><\/span><span style=\"color: #000000;\"><span style=\"font-family: Arial, serif;\">r<\/span><\/span><span style=\"color: #000000;\"><span style=\"font-family: Arial, serif;\">, integra<\/span><\/span><span style=\"color: #000000;\"><span style=\"font-family: Arial, serif;\">r<\/span><\/span><span style=\"color: #000000;\"><span style=\"font-family: Arial, serif;\">, acolli<\/span><\/span><span style=\"color: #000000;\"><span style=\"font-family: Arial, serif;\">r<\/span><\/span><span style=\"color: #000000;\"><span style=\"font-family: Arial, serif;\">, <\/span><\/span><span style=\"color: #000000;\"><span style=\"font-family: Arial, serif;\">o b\u00e9, <\/span><\/span><span style=\"color: #000000;\"><span style=\"font-family: Arial, serif;\">ajuda<\/span><\/span><span style=\"color: #000000;\"><span style=\"font-family: Arial, serif;\">r<\/span><\/span><span style=\"color: #000000;\"><span style=\"font-family: Arial, serif;\"> de manera econ\u00f2mica, participant amb una petita aportaci\u00f3 <\/span><\/span><span style=\"color: #000000;\"><span style=\"font-family: Arial, serif;\">per part de <\/span><\/span><span style=\"color: #000000;\"><span style=\"font-family: Arial, serif;\">cada alumne\/a.<\/span><\/span><\/span><\/p>\n<p class=\"western\"><span style=\"font-size: medium;\"><span style=\"color: #000000;\"><span style=\"font-family: Arial, serif;\">Despr\u00e9s l\u2019alumnat va <\/span><\/span><span style=\"color: #000000;\"><span style=\"font-family: Arial, serif;\">poder <\/span><\/span><span style=\"color: #000000;\"><span style=\"font-family: Arial, serif;\">fer v\u00e0ries preguntes <\/span><\/span><span style=\"color: #000000;\"><span style=\"font-family: Arial, serif;\">i <\/span><\/span><span style=\"color: #000000;\"><span style=\"font-family: Arial, serif;\">tamb\u00e9 <\/span><\/span><span style=\"color: #000000;\"><span style=\"font-family: Arial, serif;\">va explicar qu<\/span><\/span><span style=\"color: #000000;\"><span style=\"font-family: Arial, serif;\">ina actuaci\u00f3 f\u00e8iem<\/span><\/span> <span style=\"color: #000000;\"><span style=\"font-family: Arial, serif;\">des de la nostra escola per a solidaritzar-nos amb ells.<\/span><\/span><\/span><\/p>\n<p><span style=\"font-family: Arial, sans-serif;\"><span style=\"font-size: medium;\">El dimarts dia 18, segon dia de Festa Major, a l\u2019escola vam c\u00f3rrer una cursa solid\u00e0ria, on va participar tot l\u2019alumnat, a favor de l\u2019ONG <b>ACNUR.<\/b><\/span><\/span><\/p>\n<p><span style=\"font-family: Arial, sans-serif;\"><span style=\"font-size: medium;\"><span style=\"font-family: Arial, serif;\"><span lang=\"ca-ES\">ACNUR, \u00e9s una ONG de l\u2019Ag\u00e8ncia de l\u2019ONU per Refugiats que treballa per garantir que totes les persones tinguin dret a sol\u00b7licitar asil i trobar protecci\u00f3 despr\u00e9s de fugir de viol\u00e8ncia, guerres i persecucions al seu pa\u00eds.<\/span><\/span><\/span><\/span><\/p>\n<p><span style=\"font-family: Arial, sans-serif;\"><span style=\"font-size: medium;\">Quan vam acabar la cursa es va fer entrega de les medalles als\/les alumnes guanyadors de cada classe.<\/span><\/span><\/p>\n<p class=\"western\"><span style=\"font-family: Arial, sans-serif;\"><span style=\"font-size: medium;\">Els diners recollits durant aquests dies, per part de tot l\u2019alumnat i professorat, va ser de 161,82 \u20ac.<\/span><\/span><\/p>\n<p>Cliqueu a la imatge per veure les fotos:<\/p>\n<p class=\"western\"><a href=\"https:\/\/agora.xtec.cat\/ceip-santacreu-anglesola\/?p=6996&amp;preview=true\" target=\"_blank\" rel=\"noopener\"><img loading=\"lazy\" decoding=\"async\" class=\"aligncenter wp-image-6994\" src=\"https:\/\/agora.xtec.cat\/ceip-santacreu-anglesola\/wp-content\/uploads\/usu483\/2024\/06\/IMATGE-CURSA-SOLIDARIA-1-1-300x118.jpg\" alt=\"\" width=\"348\" height=\"137\" srcset=\"https:\/\/agora.xtec.cat\/ceip-santacreu-anglesola\/wp-content\/uploads\/usu483\/2024\/06\/IMATGE-CURSA-SOLIDARIA-1-1-300x118.jpg 300w, https:\/\/agora.xtec.cat\/ceip-santacreu-anglesola\/wp-content\/uploads\/usu483\/2024\/06\/IMATGE-CURSA-SOLIDARIA-1-1-768x303.jpg 768w, https:\/\/agora.xtec.cat\/ceip-santacreu-anglesola\/wp-content\/uploads\/usu483\/2024\/06\/IMATGE-CURSA-SOLIDARIA-1-1.jpg 789w\" sizes=\"auto, (max-width: 348px) 100vw, 348px\" \/><\/a><\/p>\n","protected":false},"excerpt":{"rendered":"<p>El dilluns dia 17de juny, comencem la Festa Major de l\u2019Escola. Nosaltres estem de festa per\u00f2 no deixem de pensar que hi ha pa\u00efsos que estan en guerra, com els infants de Gaza i Palestina, que estan vivint una situaci\u00f3 molt dif\u00edcil al seu pa\u00eds.&hellip;  <a href=\"https:\/\/agora.xtec.cat\/ceip-santacreu-anglesola\/general\/cursa-solidaria-per-acnur\/\" title=\"Read CURSA SOLID\u00c0RIA PER ACNUR\">Llegeix m\u00e9s\u00bb<\/a><\/p>\n","protected":false},"author":16,"featured_media":0,"comment_status":"open","ping_status":"closed","sticky":false,"template":"","format":"standard","meta":{"_bbp_topic_count":0,"_bbp_reply_count":0,"_bbp_total_topic_count":0,"_bbp_total_reply_count":0,"_bbp_voice_count":0,"_bbp_anonymous_reply_count":0,"_bbp_topic_count_hidden":0,"_bbp_reply_count_hidden":0,"_bbp_forum_subforum_count":0,"footnotes":""},"categories":[1,4],"tags":[],"class_list":["post-6992","post","type-post","status-publish","format-standard","hentry","category-general","category-portada"],"post_mailing_queue_ids":[],"_links":{"self":[{"href":"https:\/\/agora.xtec.cat\/ceip-santacreu-anglesola\/wp-json\/wp\/v2\/posts\/6992","targetHints":{"allow":["GET"]}}],"collection":[{"href":"https:\/\/agora.xtec.cat\/ceip-santacreu-anglesola\/wp-json\/wp\/v2\/posts"}],"about":[{"href":"https:\/\/agora.xtec.cat\/ceip-santacreu-anglesola\/wp-json\/wp\/v2\/types\/post"}],"author":[{"embeddable":true,"href":"https:\/\/agora.xtec.cat\/ceip-santacreu-anglesola\/wp-json\/wp\/v2\/users\/16"}],"replies":[{"embeddable":true,"href":"https:\/\/agora.xtec.cat\/ceip-santacreu-anglesola\/wp-json\/wp\/v2\/comments?post=6992"}],"version-history":[{"count":4,"href":"https:\/\/agora.xtec.cat\/ceip-santacreu-anglesola\/wp-json\/wp\/v2\/posts\/6992\/revisions"}],"predecessor-version":[{"id":7005,"href":"https:\/\/agora.xtec.cat\/ceip-santacreu-anglesola\/wp-json\/wp\/v2\/posts\/6992\/revisions\/7005"}],"wp:attachment":[{"href":"https:\/\/agora.xtec.cat\/ceip-santacreu-anglesola\/wp-json\/wp\/v2\/media?parent=6992"}],"wp:term":[{"taxonomy":"category","embeddable":true,"href":"https:\/\/agora.xtec.cat\/ceip-santacreu-anglesola\/wp-json\/wp\/v2\/categories?post=6992"},{"taxonomy":"post_tag","embeddable":true,"href":"https:\/\/agora.xtec.cat\/ceip-santacreu-anglesola\/wp-json\/wp\/v2\/tags?post=6992"}],"curies":[{"name":"wp","href":"https:\/\/api.w.org\/{rel}","templated":true}]}}