{"id":6972,"date":"2024-06-14T14:10:40","date_gmt":"2024-06-14T12:10:40","guid":{"rendered":"https:\/\/agora.xtec.cat\/ceip-santacreu-anglesola\/?p=6972"},"modified":"2024-06-14T14:11:23","modified_gmt":"2024-06-14T12:11:23","slug":"mostra-de-musica-a-lateneu-de-tarrega-2","status":"publish","type":"post","link":"https:\/\/agora.xtec.cat\/ceip-santacreu-anglesola\/general\/mostra-de-musica-a-lateneu-de-tarrega-2\/","title":{"rendered":"Mostra de m\u00fasica a l&#8217;Ateneu de T\u00e0rrega"},"content":{"rendered":"<p><span style=\"font-weight: 400;\">El dia 13 de juny els nens i nenes de 2n han anar al teatre Ateneu de T\u00e0rrega per participar en la mostra de m\u00fasica de l\u2019Urgell. Per aquesta ocasi\u00f3 el grup de 2n ha presentat la pe\u00e7a de percussi\u00f3 \u201cM\u00fasica de pati\u201d, creada per ells mateixos amb l\u2019ajuda del mestre Josep Oriol.\u00a0<\/span><\/p>\n<p><span style=\"font-weight: 400;\">Ho han fet genial, sense el modelatge del mestre, amb un gran sentit del ritme i amb una bona posta en escena. S\u00f3n uns artistes!<\/span><\/p>\n<p><span style=\"font-weight: 400;\">Tamb\u00e9 hem gaudit molt amb les actuacions de les altres escoles que ho han fet molt b\u00e9.<\/span><\/p>\n<p><span style=\"font-weight: 400;\">I per acabar tots els mestres de m\u00fasica han pujat a l\u2019escenari per cantar amb tot el p\u00fablic\u00a0 la can\u00e7\u00f3: Do, Re, Mi,\u00a0 d\u2019Oscar Hammerstein II i Richard Rodgers.\u00a0<\/span><\/p>\n<p><span style=\"font-weight: 400;\">Hem passat un mat\u00ed musical molt divertit i tamb\u00e9 els ha servit per practicar la pe\u00e7a que presentaran davant de tota l\u2019escola en el festival de final de curs.<\/span><\/p>\n<p><a href=\"https:\/\/agora.xtec.cat\/ceip-santacreu-anglesola\/general\/mostra-de-musica-fotos\/\"><img loading=\"lazy\" decoding=\"async\" class=\"alignnone size-medium wp-image-6973\" src=\"https:\/\/agora.xtec.cat\/ceip-santacreu-anglesola\/wp-content\/uploads\/usu483\/2024\/06\/Captura-de-pantalla-2024-07-15-135253-300x172.png\" alt=\"\" width=\"300\" height=\"172\" srcset=\"https:\/\/agora.xtec.cat\/ceip-santacreu-anglesola\/wp-content\/uploads\/usu483\/2024\/06\/Captura-de-pantalla-2024-07-15-135253-300x172.png 300w, https:\/\/agora.xtec.cat\/ceip-santacreu-anglesola\/wp-content\/uploads\/usu483\/2024\/06\/Captura-de-pantalla-2024-07-15-135253-768x441.png 768w, https:\/\/agora.xtec.cat\/ceip-santacreu-anglesola\/wp-content\/uploads\/usu483\/2024\/06\/Captura-de-pantalla-2024-07-15-135253.png 781w\" sizes=\"auto, (max-width: 300px) 100vw, 300px\" \/><\/a><\/p>\n","protected":false},"excerpt":{"rendered":"<p>El dia 13 de juny els nens i nenes de 2n han anar al teatre Ateneu de T\u00e0rrega per participar en la mostra de m\u00fasica de l\u2019Urgell. Per aquesta ocasi\u00f3 el grup de 2n ha presentat la pe\u00e7a de percussi\u00f3 \u201cM\u00fasica de pati\u201d, creada per&hellip;  <a href=\"https:\/\/agora.xtec.cat\/ceip-santacreu-anglesola\/general\/mostra-de-musica-a-lateneu-de-tarrega-2\/\" title=\"Read Mostra de m\u00fasica a l&#8217;Ateneu de T\u00e0rrega\">Llegeix m\u00e9s\u00bb<\/a><\/p>\n","protected":false},"author":1,"featured_media":0,"comment_status":"open","ping_status":"closed","sticky":false,"template":"","format":"standard","meta":{"_bbp_topic_count":0,"_bbp_reply_count":0,"_bbp_total_topic_count":0,"_bbp_total_reply_count":0,"_bbp_voice_count":0,"_bbp_anonymous_reply_count":0,"_bbp_topic_count_hidden":0,"_bbp_reply_count_hidden":0,"_bbp_forum_subforum_count":0,"footnotes":""},"categories":[1,4],"tags":[],"class_list":["post-6972","post","type-post","status-publish","format-standard","hentry","category-general","category-portada"],"post_mailing_queue_ids":[],"_links":{"self":[{"href":"https:\/\/agora.xtec.cat\/ceip-santacreu-anglesola\/wp-json\/wp\/v2\/posts\/6972","targetHints":{"allow":["GET"]}}],"collection":[{"href":"https:\/\/agora.xtec.cat\/ceip-santacreu-anglesola\/wp-json\/wp\/v2\/posts"}],"about":[{"href":"https:\/\/agora.xtec.cat\/ceip-santacreu-anglesola\/wp-json\/wp\/v2\/types\/post"}],"author":[{"embeddable":true,"href":"https:\/\/agora.xtec.cat\/ceip-santacreu-anglesola\/wp-json\/wp\/v2\/users\/1"}],"replies":[{"embeddable":true,"href":"https:\/\/agora.xtec.cat\/ceip-santacreu-anglesola\/wp-json\/wp\/v2\/comments?post=6972"}],"version-history":[{"count":1,"href":"https:\/\/agora.xtec.cat\/ceip-santacreu-anglesola\/wp-json\/wp\/v2\/posts\/6972\/revisions"}],"predecessor-version":[{"id":6976,"href":"https:\/\/agora.xtec.cat\/ceip-santacreu-anglesola\/wp-json\/wp\/v2\/posts\/6972\/revisions\/6976"}],"wp:attachment":[{"href":"https:\/\/agora.xtec.cat\/ceip-santacreu-anglesola\/wp-json\/wp\/v2\/media?parent=6972"}],"wp:term":[{"taxonomy":"category","embeddable":true,"href":"https:\/\/agora.xtec.cat\/ceip-santacreu-anglesola\/wp-json\/wp\/v2\/categories?post=6972"},{"taxonomy":"post_tag","embeddable":true,"href":"https:\/\/agora.xtec.cat\/ceip-santacreu-anglesola\/wp-json\/wp\/v2\/tags?post=6972"}],"curies":[{"name":"wp","href":"https:\/\/api.w.org\/{rel}","templated":true}]}}