{"id":6966,"date":"2024-06-09T12:31:58","date_gmt":"2024-06-09T10:31:58","guid":{"rendered":"https:\/\/agora.xtec.cat\/ceip-santacreu-anglesola\/?p=6966"},"modified":"2024-06-09T12:32:12","modified_gmt":"2024-06-09T10:32:12","slug":"reunions-de-representats-de-classe","status":"publish","type":"post","link":"https:\/\/agora.xtec.cat\/ceip-santacreu-anglesola\/general\/reunions-de-representats-de-classe\/","title":{"rendered":"Reunions de representats de classe"},"content":{"rendered":"<p>El dia 28 de maig vam fer l&#8217;\u00faltima reuni\u00f3 de representants de classe del curs 23\/24. Cada mes els delegats i delegades de prim\u00e0ria es reuneixen amb el cap d&#8217;estudis i la directora per a tractar diferents temes que van sorgint. A principi de curs els infants presenten la seva candidatura al corresponent grup classe i es fan les eleccions. Un cop elegides les persones representants de cada classe es comencen les reunions. En la primera reuni\u00f3 s&#8217;explica les funcions dels delegats i delegades i es fa una petita formaci\u00f3 per a ser bons mediadors i mediadores. A la resta de reunions, cada representant exposa suggeriments, queixes, etc. de la seva classe i es busquen solucions conjuntament. Tamb\u00e9 es donen informacions d&#8217;escola que despr\u00e9s cada representant transmetr\u00e0 a la classe.<\/p>\n<p>Tant l&#8217;alumnat com el professorat valoren molt positivament la figura del delegat i delegada i les reunions mensuals.<\/p>\n<p>Cliqueu a la imatge per a veure fotos de l&#8217;\u00faltima reuni\u00f3.<\/p>\n<p><a href=\"https:\/\/agora.xtec.cat\/ceip-santacreu-anglesola\/?p=6968&amp;preview=true\" target=\"_blank\" rel=\"noopener\"><img loading=\"lazy\" decoding=\"async\" class=\"alignnone\" src=\"https:\/\/portal.edu.gva.es\/iesparearques\/wp-content\/uploads\/sites\/727\/2021\/03\/Mans2.png\" alt=\"\" width=\"648\" height=\"385\" \/><\/a><\/p>\n<blockquote class=\"wp-embedded-content\" data-secret=\"6ixCEN7ens\"><p><a href=\"https:\/\/agora.xtec.cat\/ceip-santacreu-anglesola\/general\/representants-de-classe\/\">Protegit: Representants de classe<\/a><\/p><\/blockquote>\n<p><iframe loading=\"lazy\" class=\"wp-embedded-content\" sandbox=\"allow-scripts\" security=\"restricted\" style=\"position: absolute; clip: rect(1px, 1px, 1px, 1px);\" title=\"&#8220;Protegit: Representants de classe&#8221; &#8212; Escola Santa Creu\" src=\"https:\/\/agora.xtec.cat\/ceip-santacreu-anglesola\/general\/representants-de-classe\/embed\/#?secret=D9rwjlG4El#?secret=6ixCEN7ens\" data-secret=\"6ixCEN7ens\" width=\"500\" height=\"282\" frameborder=\"0\" marginwidth=\"0\" marginheight=\"0\" scrolling=\"no\"><\/iframe><\/p>\n","protected":false},"excerpt":{"rendered":"<p>El dia 28 de maig vam fer l&#8217;\u00faltima reuni\u00f3 de representants de classe del curs 23\/24. Cada mes els delegats i delegades de prim\u00e0ria es reuneixen amb el cap d&#8217;estudis i la directora per a tractar diferents temes que van sorgint. A principi de curs&hellip;  <a href=\"https:\/\/agora.xtec.cat\/ceip-santacreu-anglesola\/general\/reunions-de-representats-de-classe\/\" title=\"Read Reunions de representats de classe\">Llegeix m\u00e9s\u00bb<\/a><\/p>\n","protected":false},"author":3,"featured_media":0,"comment_status":"open","ping_status":"closed","sticky":false,"template":"","format":"standard","meta":{"_bbp_topic_count":0,"_bbp_reply_count":0,"_bbp_total_topic_count":0,"_bbp_total_reply_count":0,"_bbp_voice_count":0,"_bbp_anonymous_reply_count":0,"_bbp_topic_count_hidden":0,"_bbp_reply_count_hidden":0,"_bbp_forum_subforum_count":0,"footnotes":""},"categories":[1,4],"tags":[],"class_list":["post-6966","post","type-post","status-publish","format-standard","hentry","category-general","category-portada"],"post_mailing_queue_ids":[],"_links":{"self":[{"href":"https:\/\/agora.xtec.cat\/ceip-santacreu-anglesola\/wp-json\/wp\/v2\/posts\/6966","targetHints":{"allow":["GET"]}}],"collection":[{"href":"https:\/\/agora.xtec.cat\/ceip-santacreu-anglesola\/wp-json\/wp\/v2\/posts"}],"about":[{"href":"https:\/\/agora.xtec.cat\/ceip-santacreu-anglesola\/wp-json\/wp\/v2\/types\/post"}],"author":[{"embeddable":true,"href":"https:\/\/agora.xtec.cat\/ceip-santacreu-anglesola\/wp-json\/wp\/v2\/users\/3"}],"replies":[{"embeddable":true,"href":"https:\/\/agora.xtec.cat\/ceip-santacreu-anglesola\/wp-json\/wp\/v2\/comments?post=6966"}],"version-history":[{"count":3,"href":"https:\/\/agora.xtec.cat\/ceip-santacreu-anglesola\/wp-json\/wp\/v2\/posts\/6966\/revisions"}],"predecessor-version":[{"id":6971,"href":"https:\/\/agora.xtec.cat\/ceip-santacreu-anglesola\/wp-json\/wp\/v2\/posts\/6966\/revisions\/6971"}],"wp:attachment":[{"href":"https:\/\/agora.xtec.cat\/ceip-santacreu-anglesola\/wp-json\/wp\/v2\/media?parent=6966"}],"wp:term":[{"taxonomy":"category","embeddable":true,"href":"https:\/\/agora.xtec.cat\/ceip-santacreu-anglesola\/wp-json\/wp\/v2\/categories?post=6966"},{"taxonomy":"post_tag","embeddable":true,"href":"https:\/\/agora.xtec.cat\/ceip-santacreu-anglesola\/wp-json\/wp\/v2\/tags?post=6966"}],"curies":[{"name":"wp","href":"https:\/\/api.w.org\/{rel}","templated":true}]}}