{"id":6964,"date":"2024-05-31T12:11:45","date_gmt":"2024-05-31T10:11:45","guid":{"rendered":"https:\/\/agora.xtec.cat\/ceip-santacreu-anglesola\/?p=6964"},"modified":"2024-05-31T12:11:45","modified_gmt":"2024-05-31T10:11:45","slug":"la-pressio-per-ser-perfectes","status":"publish","type":"post","link":"https:\/\/agora.xtec.cat\/ceip-santacreu-anglesola\/general\/la-pressio-per-ser-perfectes\/","title":{"rendered":"LA PRESSI\u00d3 PER SER PERFECTES"},"content":{"rendered":"<p>us enllacem un article molt interessant sobre la pressi\u00f3 que senten molts pares i mares en el proc\u00e9s de crian\u00e7a dels seus fills i filles. Us animem a llegir-lo i que sigui del vostre inter\u00e8s.<\/p>\n<p><a href=\"https:\/\/barcelona.lagranjatc.com\/wp-content\/uploads\/sites\/3\/2024\/05\/La-pressio-per-ser-perfectes-La-Vanguardia.pdf\" target=\"_blank\" rel=\"noopener\"><strong>ARTICLE DE LA VANGUARDIA: <em>&#8220;La pressi\u00f3 per ser \u201cperfectes\u201d esgota els pares i perjudica la salut mental del fill&#8221;<\/em><\/strong><\/a><\/p>\n","protected":false},"excerpt":{"rendered":"<p>us enllacem un article molt interessant sobre la pressi\u00f3 que senten molts pares i mares en el proc\u00e9s de crian\u00e7a dels seus fills i filles. Us animem a llegir-lo i que sigui del vostre inter\u00e8s.<br \/>\n<a href=\"https:\/\/barcelona.lagranjatc.com\/wp-content\/uploads\/sites\/3\/2024\/05\/La-pressio-per-ser-perfectes-La-Vanguardia.pdf\" target=\"_blank\" rel=\"noopener\">ARTICLE DE LA VANGUARDIA: &#8220;La pressi\u00f3 per ser&hellip;  <a href=\"https:\/\/agora.xtec.cat\/ceip-santacreu-anglesola\/general\/la-pressio-per-ser-perfectes\/\" title=\"Read LA PRESSI\u00d3 PER SER PERFECTES\">Llegeix m\u00e9s\u00bb<\/a><\/p>\n","protected":false},"author":11,"featured_media":0,"comment_status":"open","ping_status":"closed","sticky":false,"template":"","format":"standard","meta":{"_bbp_topic_count":0,"_bbp_reply_count":0,"_bbp_total_topic_count":0,"_bbp_total_reply_count":0,"_bbp_voice_count":0,"_bbp_anonymous_reply_count":0,"_bbp_topic_count_hidden":0,"_bbp_reply_count_hidden":0,"_bbp_forum_subforum_count":0,"footnotes":""},"categories":[54,1,4],"tags":[],"class_list":["post-6964","post","type-post","status-publish","format-standard","hentry","category-articles","category-general","category-portada"],"post_mailing_queue_ids":[],"_links":{"self":[{"href":"https:\/\/agora.xtec.cat\/ceip-santacreu-anglesola\/wp-json\/wp\/v2\/posts\/6964","targetHints":{"allow":["GET"]}}],"collection":[{"href":"https:\/\/agora.xtec.cat\/ceip-santacreu-anglesola\/wp-json\/wp\/v2\/posts"}],"about":[{"href":"https:\/\/agora.xtec.cat\/ceip-santacreu-anglesola\/wp-json\/wp\/v2\/types\/post"}],"author":[{"embeddable":true,"href":"https:\/\/agora.xtec.cat\/ceip-santacreu-anglesola\/wp-json\/wp\/v2\/users\/11"}],"replies":[{"embeddable":true,"href":"https:\/\/agora.xtec.cat\/ceip-santacreu-anglesola\/wp-json\/wp\/v2\/comments?post=6964"}],"version-history":[{"count":1,"href":"https:\/\/agora.xtec.cat\/ceip-santacreu-anglesola\/wp-json\/wp\/v2\/posts\/6964\/revisions"}],"predecessor-version":[{"id":6965,"href":"https:\/\/agora.xtec.cat\/ceip-santacreu-anglesola\/wp-json\/wp\/v2\/posts\/6964\/revisions\/6965"}],"wp:attachment":[{"href":"https:\/\/agora.xtec.cat\/ceip-santacreu-anglesola\/wp-json\/wp\/v2\/media?parent=6964"}],"wp:term":[{"taxonomy":"category","embeddable":true,"href":"https:\/\/agora.xtec.cat\/ceip-santacreu-anglesola\/wp-json\/wp\/v2\/categories?post=6964"},{"taxonomy":"post_tag","embeddable":true,"href":"https:\/\/agora.xtec.cat\/ceip-santacreu-anglesola\/wp-json\/wp\/v2\/tags?post=6964"}],"curies":[{"name":"wp","href":"https:\/\/api.w.org\/{rel}","templated":true}]}}