{"id":6952,"date":"2024-05-22T16:12:44","date_gmt":"2024-05-22T14:12:44","guid":{"rendered":"https:\/\/agora.xtec.cat\/ceip-santacreu-anglesola\/?p=6952"},"modified":"2024-05-22T16:12:44","modified_gmt":"2024-05-22T14:12:44","slug":"taller-esport-adaptat","status":"publish","type":"post","link":"https:\/\/agora.xtec.cat\/ceip-santacreu-anglesola\/general\/taller-esport-adaptat\/","title":{"rendered":"TALLER ESPORT ADAPTAT"},"content":{"rendered":"<p>Aquest dimecres l&#8217;alumnat de cicle superior ha realitzat durant tot el mat\u00ed un <strong>taller d&#8217;esport adaptat<\/strong> dins l&#8217;\u00e0rea d&#8217;educaci\u00f3 f\u00edsica. Aquest taller gratu\u00eft, que ha estat possible gr\u00e0cies al <a href=\"https:\/\/esport.gencat.cat\/ca\/arees_dactuacio\/escolar\/placatala_esportescola\/\" target=\"_blank\" rel=\"noopener\">Pla Catal\u00e0 de l&#8217;esport<\/a>, t\u00e9 com a finalitat el crear entre l&#8217;alumnat consci\u00e8ncia i comprensi\u00f3 envers a les persones amb discapacitat.<\/p>\n<p>L&#8217;activitat ha consistit en una primera part on s&#8217;han dut a la pr\u00e0ctica diversos esports adaptats. L&#8217;alumnat ha pogut experimentar de primera m\u00e0 les sensacions de practicar esport amb altres capacitats (jocs amb cadira de rodes i boccia-petanca-). Despr\u00e9s del pat\u00ed, hem fet la part te\u00f2rica on ens han explicat els diferents esports adaptats.<br \/>\nHa estat una mat\u00ed diferent de diversi\u00f3 practicant esport des d&#8217;una altra perspectiva.<\/p>\n<p>Per veure les fotos clica <a href=\"https:\/\/agora.xtec.cat\/ceip-santacreu-anglesola\/general\/taller-esport-adaptat-ocult\/\" target=\"_blank\" rel=\"noopener\"><strong><span style=\"color: #ff0000;\">AQU\u00cd<\/span><\/strong><\/a>.<\/p>\n","protected":false},"excerpt":{"rendered":"<p>Aquest dimecres l&#8217;alumnat de cicle superior ha realitzat durant tot el mat\u00ed un taller d&#8217;esport adaptat dins l&#8217;\u00e0rea d&#8217;educaci\u00f3 f\u00edsica. Aquest taller gratu\u00eft, que ha estat possible gr\u00e0cies al <a href=\"https:\/\/esport.gencat.cat\/ca\/arees_dactuacio\/escolar\/placatala_esportescola\/\" target=\"_blank\" rel=\"noopener\">Pla Catal\u00e0 de l&#8217;esport<\/a>, t\u00e9 com a finalitat el crear entre l&#8217;alumnat consci\u00e8ncia&hellip;  <a href=\"https:\/\/agora.xtec.cat\/ceip-santacreu-anglesola\/general\/taller-esport-adaptat\/\" title=\"Read TALLER ESPORT ADAPTAT\">Llegeix m\u00e9s\u00bb<\/a><\/p>\n","protected":false},"author":11,"featured_media":0,"comment_status":"open","ping_status":"closed","sticky":false,"template":"","format":"standard","meta":{"_bbp_topic_count":0,"_bbp_reply_count":0,"_bbp_total_topic_count":0,"_bbp_total_reply_count":0,"_bbp_voice_count":0,"_bbp_anonymous_reply_count":0,"_bbp_topic_count_hidden":0,"_bbp_reply_count_hidden":0,"_bbp_forum_subforum_count":0,"footnotes":""},"categories":[14,15,1,4,5],"tags":[],"class_list":["post-6952","post","type-post","status-publish","format-standard","hentry","category-5e","category-6e","category-general","category-portada","category-primaria"],"post_mailing_queue_ids":[],"_links":{"self":[{"href":"https:\/\/agora.xtec.cat\/ceip-santacreu-anglesola\/wp-json\/wp\/v2\/posts\/6952","targetHints":{"allow":["GET"]}}],"collection":[{"href":"https:\/\/agora.xtec.cat\/ceip-santacreu-anglesola\/wp-json\/wp\/v2\/posts"}],"about":[{"href":"https:\/\/agora.xtec.cat\/ceip-santacreu-anglesola\/wp-json\/wp\/v2\/types\/post"}],"author":[{"embeddable":true,"href":"https:\/\/agora.xtec.cat\/ceip-santacreu-anglesola\/wp-json\/wp\/v2\/users\/11"}],"replies":[{"embeddable":true,"href":"https:\/\/agora.xtec.cat\/ceip-santacreu-anglesola\/wp-json\/wp\/v2\/comments?post=6952"}],"version-history":[{"count":1,"href":"https:\/\/agora.xtec.cat\/ceip-santacreu-anglesola\/wp-json\/wp\/v2\/posts\/6952\/revisions"}],"predecessor-version":[{"id":6953,"href":"https:\/\/agora.xtec.cat\/ceip-santacreu-anglesola\/wp-json\/wp\/v2\/posts\/6952\/revisions\/6953"}],"wp:attachment":[{"href":"https:\/\/agora.xtec.cat\/ceip-santacreu-anglesola\/wp-json\/wp\/v2\/media?parent=6952"}],"wp:term":[{"taxonomy":"category","embeddable":true,"href":"https:\/\/agora.xtec.cat\/ceip-santacreu-anglesola\/wp-json\/wp\/v2\/categories?post=6952"},{"taxonomy":"post_tag","embeddable":true,"href":"https:\/\/agora.xtec.cat\/ceip-santacreu-anglesola\/wp-json\/wp\/v2\/tags?post=6952"}],"curies":[{"name":"wp","href":"https:\/\/api.w.org\/{rel}","templated":true}]}}