{"id":6932,"date":"2024-05-16T19:40:14","date_gmt":"2024-05-16T17:40:14","guid":{"rendered":"https:\/\/agora.xtec.cat\/ceip-santacreu-anglesola\/?p=6932"},"modified":"2024-05-16T19:42:14","modified_gmt":"2024-05-16T17:42:14","slug":"final-del-xx-certamen-de-lectura-en-veu-alta","status":"publish","type":"post","link":"https:\/\/agora.xtec.cat\/ceip-santacreu-anglesola\/general\/final-del-xx-certamen-de-lectura-en-veu-alta\/","title":{"rendered":"FINAL DEL XX CERTAMEN DE LECTURA EN VEU ALTA"},"content":{"rendered":"<p>Aquest dijous s&#8217;ha celebrat al Teatre Municipal de Balaguer la final del <strong>certamen de lectura en veu alta de Lleida, Pirineu i Aran<\/strong>. La nostra escola ha tingut una representant en la categoria de grumets vermells (Cicle Mitj\u00e0).<\/p>\n<p>Ha estat una gran experi\u00e8ncia poder compartir lectures amb la resta de participants. Tamb\u00e9 destacar la intervenci\u00f3 del director dels serveis territorials Alt Pirineu-Aran que ha remarcat la import\u00e0ncia de la lectura en el desenvolupament intel\u00b7lectual dels nostres infants.<\/p>\n<p>Des de l&#8217;escola us encoratgem a llegir amb els vostres fills i filles i inculcar-los l&#8217;amor per les lletres i la lectura.<\/p>\n<p><img loading=\"lazy\" decoding=\"async\" class=\"aligncenter size-large wp-image-6933\" src=\"https:\/\/agora.xtec.cat\/ceip-santacreu-anglesola\/wp-content\/uploads\/usu483\/2024\/05\/1-1024x576.jpg\" alt=\"\" width=\"1024\" height=\"576\" srcset=\"https:\/\/agora.xtec.cat\/ceip-santacreu-anglesola\/wp-content\/uploads\/usu483\/2024\/05\/1-1024x576.jpg 1024w, https:\/\/agora.xtec.cat\/ceip-santacreu-anglesola\/wp-content\/uploads\/usu483\/2024\/05\/1-300x169.jpg 300w, https:\/\/agora.xtec.cat\/ceip-santacreu-anglesola\/wp-content\/uploads\/usu483\/2024\/05\/1-768x432.jpg 768w, https:\/\/agora.xtec.cat\/ceip-santacreu-anglesola\/wp-content\/uploads\/usu483\/2024\/05\/1-1536x864.jpg 1536w, https:\/\/agora.xtec.cat\/ceip-santacreu-anglesola\/wp-content\/uploads\/usu483\/2024\/05\/1.jpg 1800w\" sizes=\"auto, (max-width: 1024px) 100vw, 1024px\" \/><\/p>\n<p>&nbsp;<\/p>\n","protected":false},"excerpt":{"rendered":"<p>Aquest dijous s&#8217;ha celebrat al Teatre Municipal de Balaguer la final del certamen de lectura en veu alta de Lleida, Pirineu i Aran. La nostra escola ha tingut una representant en la categoria de grumets vermells (Cicle Mitj\u00e0).<br \/>\nHa estat una gran experi\u00e8ncia poder compartir lectures&hellip;  <a href=\"https:\/\/agora.xtec.cat\/ceip-santacreu-anglesola\/general\/final-del-xx-certamen-de-lectura-en-veu-alta\/\" title=\"Read FINAL DEL XX CERTAMEN DE LECTURA EN VEU ALTA\">Llegeix m\u00e9s\u00bb<\/a><\/p>\n","protected":false},"author":11,"featured_media":0,"comment_status":"open","ping_status":"closed","sticky":false,"template":"","format":"standard","meta":{"_bbp_topic_count":0,"_bbp_reply_count":0,"_bbp_total_topic_count":0,"_bbp_total_reply_count":0,"_bbp_voice_count":0,"_bbp_anonymous_reply_count":0,"_bbp_topic_count_hidden":0,"_bbp_reply_count_hidden":0,"_bbp_forum_subforum_count":0,"footnotes":""},"categories":[1,4,5],"tags":[],"class_list":["post-6932","post","type-post","status-publish","format-standard","hentry","category-general","category-portada","category-primaria"],"post_mailing_queue_ids":[],"_links":{"self":[{"href":"https:\/\/agora.xtec.cat\/ceip-santacreu-anglesola\/wp-json\/wp\/v2\/posts\/6932","targetHints":{"allow":["GET"]}}],"collection":[{"href":"https:\/\/agora.xtec.cat\/ceip-santacreu-anglesola\/wp-json\/wp\/v2\/posts"}],"about":[{"href":"https:\/\/agora.xtec.cat\/ceip-santacreu-anglesola\/wp-json\/wp\/v2\/types\/post"}],"author":[{"embeddable":true,"href":"https:\/\/agora.xtec.cat\/ceip-santacreu-anglesola\/wp-json\/wp\/v2\/users\/11"}],"replies":[{"embeddable":true,"href":"https:\/\/agora.xtec.cat\/ceip-santacreu-anglesola\/wp-json\/wp\/v2\/comments?post=6932"}],"version-history":[{"count":2,"href":"https:\/\/agora.xtec.cat\/ceip-santacreu-anglesola\/wp-json\/wp\/v2\/posts\/6932\/revisions"}],"predecessor-version":[{"id":6936,"href":"https:\/\/agora.xtec.cat\/ceip-santacreu-anglesola\/wp-json\/wp\/v2\/posts\/6932\/revisions\/6936"}],"wp:attachment":[{"href":"https:\/\/agora.xtec.cat\/ceip-santacreu-anglesola\/wp-json\/wp\/v2\/media?parent=6932"}],"wp:term":[{"taxonomy":"category","embeddable":true,"href":"https:\/\/agora.xtec.cat\/ceip-santacreu-anglesola\/wp-json\/wp\/v2\/categories?post=6932"},{"taxonomy":"post_tag","embeddable":true,"href":"https:\/\/agora.xtec.cat\/ceip-santacreu-anglesola\/wp-json\/wp\/v2\/tags?post=6932"}],"curies":[{"name":"wp","href":"https:\/\/api.w.org\/{rel}","templated":true}]}}